{"id":10829,"date":"2021-11-06T14:34:00","date_gmt":"2021-11-06T14:34:00","guid":{"rendered":"https:\/\/ccis-agadir.ma\/?p=10829"},"modified":"2024-11-26T14:35:10","modified_gmt":"2024-11-26T14:35:10","slug":"communique-de-presse-2","status":"publish","type":"post","link":"https:\/\/ccis-agadir.ma\/ar\/2021\/11\/communique-de-presse-2\/","title":{"rendered":"COMMUNIQUE DE PRESSE"},"content":{"rendered":"<blockquote class=\"wp-block-quote is-layout-flow wp-block-quote-is-layout-flow\">\n<p>R\u00e9ception d&#8217;une d\u00e9l\u00e9gation compos\u00e9e de 31 membres du Cercle Eug\u00e8ne Delacroix, qui rassemble des \u00e9lus fran\u00e7ais d&#8217;origine marocaine<\/p>\n<\/blockquote>\n\n\n\n<figure class=\"wp-block-image size-full\"><img fetchpriority=\"high\" decoding=\"async\" width=\"733\" height=\"550\" src=\"https:\/\/ccis-agadir.ma\/wp-content\/uploads\/2024\/11\/54.jpg\" alt=\"\" class=\"wp-image-10830\" srcset=\"https:\/\/ccis-agadir.ma\/wp-content\/uploads\/2024\/11\/54.jpg 733w, https:\/\/ccis-agadir.ma\/wp-content\/uploads\/2024\/11\/54-300x225.jpg 300w, https:\/\/ccis-agadir.ma\/wp-content\/uploads\/2024\/11\/54-16x12.jpg 16w, https:\/\/ccis-agadir.ma\/wp-content\/uploads\/2024\/11\/54-600x450.jpg 600w, https:\/\/ccis-agadir.ma\/wp-content\/uploads\/2024\/11\/54-560x420.jpg 560w\" sizes=\"(max-width: 733px) 100vw, 733px\" \/><\/figure>\n\n\n\n<p>Samedi 6 Novembre 2021, accueil au sein des locaux de la Chambre de Commerce, d&#8217;Industrie et de Services Sous Massa d&#8217;une d\u00e9l\u00e9gation compos\u00e9e de 31 membres du Cercle Eug\u00e8ne Delacroix, qui rassemble des \u00e9lus fran\u00e7ais d&#8217;origine marocaine en visite de 4 jours au Royaume du Maroc \u00e0 l&#8217;occasion de la c\u00e9l\u00e9bration de la f\u00eate nationale de la march\u00e9 verte.<\/p>\n\n\n\n<p>Ont pr\u00e9sid\u00e9 cette c\u00e9r\u00e9monie, Mr Said DOR, pr\u00e9sident de la CCIS Souss Massa et Mr Mohamed El Moudene, pr\u00e9sident de l&#8217;association Initiative Souss Massa.<\/p>","protected":false},"excerpt":{"rendered":"<p>R\u00e9ception d&#8217;une d\u00e9l\u00e9gation compos\u00e9e de 31 membres du Cercle Eug\u00e8ne Delacroix, qui rassemble des \u00e9lus fran\u00e7ais d&#8217;origine marocaine Samedi 6 Novembre 2021, accueil au sein des locaux de la Chambre de Commerce, d&#8217;Industrie et de Services Sous Massa d&#8217;une d\u00e9l\u00e9gation compos\u00e9e de 31 membres du Cercle Eug\u00e8ne Delacroix, qui rassemble des \u00e9lus fran\u00e7ais d&#8217;origine marocaine [&hellip;]<\/p>","protected":false},"author":1,"featured_media":10830,"comment_status":"closed","ping_status":"closed","sticky":false,"template":"","format":"standard","meta":{"iawp_total_views":0,"footnotes":""},"categories":[1],"tags":[],"class_list":["post-10829","post","type-post","status-publish","format-standard","has-post-thumbnail","hentry","category-uncategorized"],"_links":{"self":[{"href":"https:\/\/ccis-agadir.ma\/ar\/wp-json\/wp\/v2\/posts\/10829","targetHints":{"allow":["GET"]}}],"collection":[{"href":"https:\/\/ccis-agadir.ma\/ar\/wp-json\/wp\/v2\/posts"}],"about":[{"href":"https:\/\/ccis-agadir.ma\/ar\/wp-json\/wp\/v2\/types\/post"}],"author":[{"embeddable":true,"href":"https:\/\/ccis-agadir.ma\/ar\/wp-json\/wp\/v2\/users\/1"}],"replies":[{"embeddable":true,"href":"https:\/\/ccis-agadir.ma\/ar\/wp-json\/wp\/v2\/comments?post=10829"}],"version-history":[{"count":1,"href":"https:\/\/ccis-agadir.ma\/ar\/wp-json\/wp\/v2\/posts\/10829\/revisions"}],"predecessor-version":[{"id":10831,"href":"https:\/\/ccis-agadir.ma\/ar\/wp-json\/wp\/v2\/posts\/10829\/revisions\/10831"}],"wp:featuredmedia":[{"embeddable":true,"href":"https:\/\/ccis-agadir.ma\/ar\/wp-json\/wp\/v2\/media\/10830"}],"wp:attachment":[{"href":"https:\/\/ccis-agadir.ma\/ar\/wp-json\/wp\/v2\/media?parent=10829"}],"wp:term":[{"taxonomy":"category","embeddable":true,"href":"https:\/\/ccis-agadir.ma\/ar\/wp-json\/wp\/v2\/categories?post=10829"},{"taxonomy":"post_tag","embeddable":true,"href":"https:\/\/ccis-agadir.ma\/ar\/wp-json\/wp\/v2\/tags?post=10829"}],"curies":[{"name":"wp","href":"https:\/\/api.w.org\/{rel}","templated":true}]}}