{"id":10860,"date":"2021-06-16T15:44:00","date_gmt":"2021-06-16T15:44:00","guid":{"rendered":"https:\/\/ccis-agadir.ma\/?p=10860"},"modified":"2024-11-26T15:45:45","modified_gmt":"2024-11-26T15:45:45","slug":"reunion-2","status":"publish","type":"post","link":"https:\/\/ccis-agadir.ma\/ar\/2021\/06\/reunion-2\/","title":{"rendered":"\u0645\u0642\u0627\u0628\u0644\u0629"},"content":{"rendered":"<blockquote class=\"wp-block-quote is-layout-flow wp-block-quote-is-layout-flow\">\n<p>R\u00e9union avec les repr\u00e9sentants de l&#8217;Organisation Migrations et D\u00e9veloppement<\/p>\n<\/blockquote>\n\n\n\n<figure class=\"wp-block-image size-full\"><img fetchpriority=\"high\" decoding=\"async\" width=\"768\" height=\"439\" src=\"https:\/\/ccis-agadir.ma\/wp-content\/uploads\/2024\/11\/62.jpg\" alt=\"\" class=\"wp-image-10861\" srcset=\"https:\/\/ccis-agadir.ma\/wp-content\/uploads\/2024\/11\/62.jpg 768w, https:\/\/ccis-agadir.ma\/wp-content\/uploads\/2024\/11\/62-300x171.jpg 300w, https:\/\/ccis-agadir.ma\/wp-content\/uploads\/2024\/11\/62-18x10.jpg 18w, https:\/\/ccis-agadir.ma\/wp-content\/uploads\/2024\/11\/62-600x343.jpg 600w, https:\/\/ccis-agadir.ma\/wp-content\/uploads\/2024\/11\/62-560x320.jpg 560w\" sizes=\"(max-width: 768px) 100vw, 768px\" \/><\/figure>\n\n\n\n<p>Mercredi 16 juin 2021, Monsieur Karim ACHENGLI Pr\u00e9sident de la CCIS SM et Monsieur Bachir AHECHMOUD 2\u00e8me vice-pr\u00e9sident de la CCIS SM, ont accompagn\u00e9s les repr\u00e9sentants de l&#8217;Organisation Migrations et D\u00e9veloppement pour pr\u00e9senter le projet de l&#8217;agence fran\u00e7aise pour l&#8217;expertise technique et ses diff\u00e9rentes composantes devant le gouverneur de la Pr\u00e9fecture inezgane Ait-Melloul Monsieur Ismail ABOULHOKOUK qui rentre dans le cadre du projet des politiques nationales de migration au niveau de la r\u00e9gion Souss massa<\/p>","protected":false},"excerpt":{"rendered":"<p>R\u00e9union avec les repr\u00e9sentants de l&#8217;Organisation Migrations et D\u00e9veloppement Mercredi 16 juin 2021, Monsieur Karim ACHENGLI Pr\u00e9sident de la CCIS SM et Monsieur Bachir AHECHMOUD 2\u00e8me vice-pr\u00e9sident de la CCIS SM, ont accompagn\u00e9s les repr\u00e9sentants de l&#8217;Organisation Migrations et D\u00e9veloppement pour pr\u00e9senter le projet de l&#8217;agence fran\u00e7aise pour l&#8217;expertise technique et ses diff\u00e9rentes composantes devant [&hellip;]<\/p>","protected":false},"author":1,"featured_media":10862,"comment_status":"closed","ping_status":"closed","sticky":false,"template":"","format":"standard","meta":{"iawp_total_views":0,"footnotes":""},"categories":[1],"tags":[],"class_list":["post-10860","post","type-post","status-publish","format-standard","has-post-thumbnail","hentry","category-uncategorized"],"_links":{"self":[{"href":"https:\/\/ccis-agadir.ma\/ar\/wp-json\/wp\/v2\/posts\/10860","targetHints":{"allow":["GET"]}}],"collection":[{"href":"https:\/\/ccis-agadir.ma\/ar\/wp-json\/wp\/v2\/posts"}],"about":[{"href":"https:\/\/ccis-agadir.ma\/ar\/wp-json\/wp\/v2\/types\/post"}],"author":[{"embeddable":true,"href":"https:\/\/ccis-agadir.ma\/ar\/wp-json\/wp\/v2\/users\/1"}],"replies":[{"embeddable":true,"href":"https:\/\/ccis-agadir.ma\/ar\/wp-json\/wp\/v2\/comments?post=10860"}],"version-history":[{"count":1,"href":"https:\/\/ccis-agadir.ma\/ar\/wp-json\/wp\/v2\/posts\/10860\/revisions"}],"predecessor-version":[{"id":10863,"href":"https:\/\/ccis-agadir.ma\/ar\/wp-json\/wp\/v2\/posts\/10860\/revisions\/10863"}],"wp:featuredmedia":[{"embeddable":true,"href":"https:\/\/ccis-agadir.ma\/ar\/wp-json\/wp\/v2\/media\/10862"}],"wp:attachment":[{"href":"https:\/\/ccis-agadir.ma\/ar\/wp-json\/wp\/v2\/media?parent=10860"}],"wp:term":[{"taxonomy":"category","embeddable":true,"href":"https:\/\/ccis-agadir.ma\/ar\/wp-json\/wp\/v2\/categories?post=10860"},{"taxonomy":"post_tag","embeddable":true,"href":"https:\/\/ccis-agadir.ma\/ar\/wp-json\/wp\/v2\/tags?post=10860"}],"curies":[{"name":"wp","href":"https:\/\/api.w.org\/{rel}","templated":true}]}}