{"id":10882,"date":"2021-04-16T14:01:00","date_gmt":"2021-04-16T14:01:00","guid":{"rendered":"https:\/\/ccis-agadir.ma\/?p=10882"},"modified":"2024-11-27T14:03:08","modified_gmt":"2024-11-27T14:03:08","slug":"ccissm-asmex","status":"publish","type":"post","link":"https:\/\/ccis-agadir.ma\/ar\/2021\/04\/ccissm-asmex\/","title":{"rendered":"CCISSM-ASMEX"},"content":{"rendered":"<p>Nomination de Mr Khalid BOUNAJMA comme d\u00e9l\u00e9gu\u00e9 r\u00e9gional de l&#8217;Association Marocaine des Exportateurs au niveau de la r\u00e9gion Souss Massa<\/p>\n\n\n\n<figure class=\"wp-block-image size-full\"><img fetchpriority=\"high\" decoding=\"async\" width=\"768\" height=\"426\" src=\"https:\/\/ccis-agadir.ma\/wp-content\/uploads\/2024\/11\/68.jpg\" alt=\"\" class=\"wp-image-10883\" srcset=\"https:\/\/ccis-agadir.ma\/wp-content\/uploads\/2024\/11\/68.jpg 768w, https:\/\/ccis-agadir.ma\/wp-content\/uploads\/2024\/11\/68-300x166.jpg 300w, https:\/\/ccis-agadir.ma\/wp-content\/uploads\/2024\/11\/68-18x10.jpg 18w, https:\/\/ccis-agadir.ma\/wp-content\/uploads\/2024\/11\/68-600x333.jpg 600w, https:\/\/ccis-agadir.ma\/wp-content\/uploads\/2024\/11\/68-560x311.jpg 560w\" sizes=\"(max-width: 768px) 100vw, 768px\" \/><\/figure>\n\n\n\n<p>Dans le cadre de la convention sign\u00e9e entre la Chambre de Commerce d&#8217;Industrie et de Services Souss Massa (CCIS-SM) et l&#8217;Association Marocaine des Exportateurs (ASMEX) portant cr\u00e9ation et installation d&#8217;une d\u00e9l\u00e9gation r\u00e9gionale de l&#8217;ASMEX au sein de la CCISSM, il a \u00e9t\u00e9 proc\u00e9d\u00e9 aujourd&#8217;hui vendredi 16 avril 2021 \u00e0 la nomination de Mr Khalid BOUNAJMA comme d\u00e9l\u00e9gu\u00e9 r\u00e9gional de l&#8217;Association Marocaine des Exportateurs au niveau de la r\u00e9gion Souss Massa.<br>Cette c\u00e9r\u00e9monie a \u00e9t\u00e9 pr\u00e9sid\u00e9e par Mr Hassan SENTISSI IDRISSI, pr\u00e9sident de l&#8217;ASMEX, et Mr Karim ACHENGLI, pr\u00e9sident de la CCIS Souss Massa<\/p>","protected":false},"excerpt":{"rendered":"<p>Nomination de Mr Khalid BOUNAJMA comme d\u00e9l\u00e9gu\u00e9 r\u00e9gional de l&#8217;Association Marocaine des Exportateurs au niveau de la r\u00e9gion Souss Massa Dans le cadre de la convention sign\u00e9e entre la Chambre de Commerce d&#8217;Industrie et de Services Souss Massa (CCIS-SM) et l&#8217;Association Marocaine des Exportateurs (ASMEX) portant cr\u00e9ation et installation d&#8217;une d\u00e9l\u00e9gation r\u00e9gionale de l&#8217;ASMEX au [&hellip;]<\/p>","protected":false},"author":1,"featured_media":10883,"comment_status":"closed","ping_status":"closed","sticky":false,"template":"","format":"standard","meta":{"iawp_total_views":0,"footnotes":""},"categories":[1],"tags":[],"class_list":["post-10882","post","type-post","status-publish","format-standard","has-post-thumbnail","hentry","category-uncategorized"],"_links":{"self":[{"href":"https:\/\/ccis-agadir.ma\/ar\/wp-json\/wp\/v2\/posts\/10882","targetHints":{"allow":["GET"]}}],"collection":[{"href":"https:\/\/ccis-agadir.ma\/ar\/wp-json\/wp\/v2\/posts"}],"about":[{"href":"https:\/\/ccis-agadir.ma\/ar\/wp-json\/wp\/v2\/types\/post"}],"author":[{"embeddable":true,"href":"https:\/\/ccis-agadir.ma\/ar\/wp-json\/wp\/v2\/users\/1"}],"replies":[{"embeddable":true,"href":"https:\/\/ccis-agadir.ma\/ar\/wp-json\/wp\/v2\/comments?post=10882"}],"version-history":[{"count":1,"href":"https:\/\/ccis-agadir.ma\/ar\/wp-json\/wp\/v2\/posts\/10882\/revisions"}],"predecessor-version":[{"id":10884,"href":"https:\/\/ccis-agadir.ma\/ar\/wp-json\/wp\/v2\/posts\/10882\/revisions\/10884"}],"wp:featuredmedia":[{"embeddable":true,"href":"https:\/\/ccis-agadir.ma\/ar\/wp-json\/wp\/v2\/media\/10883"}],"wp:attachment":[{"href":"https:\/\/ccis-agadir.ma\/ar\/wp-json\/wp\/v2\/media?parent=10882"}],"wp:term":[{"taxonomy":"category","embeddable":true,"href":"https:\/\/ccis-agadir.ma\/ar\/wp-json\/wp\/v2\/categories?post=10882"},{"taxonomy":"post_tag","embeddable":true,"href":"https:\/\/ccis-agadir.ma\/ar\/wp-json\/wp\/v2\/tags?post=10882"}],"curies":[{"name":"wp","href":"https:\/\/api.w.org\/{rel}","templated":true}]}}