{"id":11635,"date":"2025-12-24T15:31:26","date_gmt":"2025-12-24T15:31:26","guid":{"rendered":"https:\/\/ccis-agadir.ma\/?p=11635"},"modified":"2025-12-25T14:58:23","modified_gmt":"2025-12-25T14:58:23","slug":"reunion-consacree-a-la-presentation-de-letude-de-faisabilite-relative-a-la-creation-dune-zone-dactivites-economiques-relevant-de-la-province-de-chtouka-ait-baha","status":"publish","type":"post","link":"https:\/\/ccis-agadir.ma\/ar\/2025\/12\/reunion-consacree-a-la-presentation-de-letude-de-faisabilite-relative-a-la-creation-dune-zone-dactivites-economiques-relevant-de-la-province-de-chtouka-ait-baha\/","title":{"rendered":"R\u00e9union consacr\u00e9e \u00e0 la pr\u00e9sentation de l\u2019\u00e9tude de faisabilit\u00e9 relative \u00e0 la cr\u00e9ation d\u2019une zone d\u2019activit\u00e9s \u00e9conomiques relevant de la province de Chtouka A\u00eft Baha"},"content":{"rendered":"<p>M. Sa\u00efd DOR, Pr\u00e9sident de la Chambre de Commerce, d\u2019Industrie et de Services de Souss Massa, a particip\u00e9, le mardi 23 d\u00e9cembre 2025, \u00e0 une r\u00e9union tenue au si\u00e8ge de la commune d\u2019A\u00eft Baha, consacr\u00e9e \u00e0 la pr\u00e9sentation de l\u2019\u00e9tude de faisabilit\u00e9 relative \u00e0 la cr\u00e9ation d\u2019une zone d\u2019activit\u00e9s \u00e9conomiques relevant de la province de Chtouka A\u00eft Baha. Cette rencontre a \u00e9galement permis d\u2019examiner les dimensions \u00e9conomiques et de d\u00e9veloppement du projet, les moyens d\u2019acc\u00e9l\u00e9ration des proc\u00e9dures, ainsi que les diff\u00e9rents aspects proc\u00e9duraux y aff\u00e9rents.<\/p>\n\n\n\n<p>La r\u00e9union a \u00e9t\u00e9 pr\u00e9sid\u00e9e par le Gouverneur de la province de Chtouka A\u00eft Baha, M. Mohamed Salem Essabti, en pr\u00e9sence de M. Karim Achengli, Pr\u00e9sident du Conseil de la r\u00e9gion Souss Massa et Pr\u00e9sident de la Conf\u00e9d\u00e9ration G\u00e9n\u00e9rale des Entreprises du Maroc (CGEM) au niveau r\u00e9gional, du Pr\u00e9sident du Conseil communal d\u2019A\u00eft Baha, ainsi que des repr\u00e9sentants du Centre R\u00e9gional d\u2019Investissement, de l\u2019Agence Urbaine et de la Direction Provinciale des Eaux et For\u00eats.<\/p>\n\n\n\n<p>Lors de cette rencontre, le bureau d\u2019\u00e9tudes charg\u00e9 du projet a pr\u00e9sent\u00e9 un expos\u00e9 technique d\u00e9taill\u00e9, mettant en \u00e9vidence les principales donn\u00e9es et analyses relatives \u00e0 l\u2019\u00e9tude de faisabilit\u00e9 de la future zone d\u2019activit\u00e9s \u00e9conomiques d\u2019A\u00eft Baha, un projet n\u00e9cessitant la mobilisation d\u2019investissements estim\u00e9s \u00e0 plus de 11,4 millions de dirhams.<\/p>\n\n\n\n<p>Les intervenants ont soulign\u00e9 l\u2019importance strat\u00e9gique de ce projet structurant, eu \u00e9gard \u00e0 son impact attendu en mati\u00e8re de dynamisation \u00e9conomique et sociale du centre d\u2019A\u00eft Baha et des communes environnantes, ainsi que son r\u00f4le dans la structuration des activit\u00e9s artisanales, la diversification du tissu productif et l\u2019int\u00e9gration progressive des activit\u00e9s informelles.<\/p>\n\n\n\n<p><\/p>","protected":false},"excerpt":{"rendered":"<p>M. Sa\u00efd DOR, Pr\u00e9sident de la Chambre de Commerce, d\u2019Industrie et de Services de Souss Massa, a particip\u00e9, le mardi 23 d\u00e9cembre 2025, \u00e0 une r\u00e9union tenue au si\u00e8ge de la commune d\u2019A\u00eft Baha, consacr\u00e9e \u00e0 la pr\u00e9sentation de l\u2019\u00e9tude de faisabilit\u00e9 relative \u00e0 la cr\u00e9ation d\u2019une zone d\u2019activit\u00e9s \u00e9conomiques relevant de la province de [&hellip;]<\/p>","protected":false},"author":8,"featured_media":11643,"comment_status":"closed","ping_status":"closed","sticky":false,"template":"","format":"standard","meta":{"iawp_total_views":0,"footnotes":""},"categories":[96,451],"tags":[],"class_list":["post-11635","post","type-post","status-publish","format-standard","has-post-thumbnail","hentry","category-partenariats-et-cooperations","category-reunion"],"_links":{"self":[{"href":"https:\/\/ccis-agadir.ma\/ar\/wp-json\/wp\/v2\/posts\/11635","targetHints":{"allow":["GET"]}}],"collection":[{"href":"https:\/\/ccis-agadir.ma\/ar\/wp-json\/wp\/v2\/posts"}],"about":[{"href":"https:\/\/ccis-agadir.ma\/ar\/wp-json\/wp\/v2\/types\/post"}],"author":[{"embeddable":true,"href":"https:\/\/ccis-agadir.ma\/ar\/wp-json\/wp\/v2\/users\/8"}],"replies":[{"embeddable":true,"href":"https:\/\/ccis-agadir.ma\/ar\/wp-json\/wp\/v2\/comments?post=11635"}],"version-history":[{"count":1,"href":"https:\/\/ccis-agadir.ma\/ar\/wp-json\/wp\/v2\/posts\/11635\/revisions"}],"predecessor-version":[{"id":11636,"href":"https:\/\/ccis-agadir.ma\/ar\/wp-json\/wp\/v2\/posts\/11635\/revisions\/11636"}],"wp:featuredmedia":[{"embeddable":true,"href":"https:\/\/ccis-agadir.ma\/ar\/wp-json\/wp\/v2\/media\/11643"}],"wp:attachment":[{"href":"https:\/\/ccis-agadir.ma\/ar\/wp-json\/wp\/v2\/media?parent=11635"}],"wp:term":[{"taxonomy":"category","embeddable":true,"href":"https:\/\/ccis-agadir.ma\/ar\/wp-json\/wp\/v2\/categories?post=11635"},{"taxonomy":"post_tag","embeddable":true,"href":"https:\/\/ccis-agadir.ma\/ar\/wp-json\/wp\/v2\/tags?post=11635"}],"curies":[{"name":"wp","href":"https:\/\/api.w.org\/{rel}","templated":true}]}}