{"id":11789,"date":"2026-04-29T08:55:20","date_gmt":"2026-04-29T08:55:20","guid":{"rendered":"https:\/\/ccis-agadir.ma\/?p=11789"},"modified":"2026-04-29T08:56:56","modified_gmt":"2026-04-29T08:56:56","slug":"delegation-institutionnelle-de-la-region-souss-massa-a-las-palmas","status":"publish","type":"post","link":"https:\/\/ccis-agadir.ma\/ar\/2026\/04\/delegation-institutionnelle-de-la-region-souss-massa-a-las-palmas\/","title":{"rendered":"D\u00e9l\u00e9gation institutionnelle de la r\u00e9gion Souss-Massa \u00e0 LAS PALMAS"},"content":{"rendered":"<p>Dans le cadre de la visite de travail effectu\u00e9e par une importante d\u00e9l\u00e9gation institutionnelle de la r\u00e9gion Souss-Massa, conduite par Monsieur Karim Achengli, Pr\u00e9sident du Conseil de la R\u00e9gion Souss-Massa, la Chambre de Commerce, d\u2019Industrie et de Services de Souss-Massa (CCISSM) a tenu une r\u00e9union strat\u00e9gique de haut niveau au si\u00e8ge de la Chambre de Commerce, d\u2019Industrie et de Navigation de Gran Canaria.<\/p>\n\n\n\n<figure class=\"wp-block-image size-large\"><img fetchpriority=\"high\" decoding=\"async\" width=\"1024\" height=\"682\" src=\"https:\/\/ccis-agadir.ma\/wp-content\/uploads\/2026\/04\/can2-1024x682.jpg\" alt=\"\" class=\"wp-image-11791\" srcset=\"https:\/\/ccis-agadir.ma\/wp-content\/uploads\/2026\/04\/can2-1024x682.jpg 1024w, https:\/\/ccis-agadir.ma\/wp-content\/uploads\/2026\/04\/can2-300x200.jpg 300w, https:\/\/ccis-agadir.ma\/wp-content\/uploads\/2026\/04\/can2-768x512.jpg 768w, https:\/\/ccis-agadir.ma\/wp-content\/uploads\/2026\/04\/can2-1536x1023.jpg 1536w, https:\/\/ccis-agadir.ma\/wp-content\/uploads\/2026\/04\/can2-18x12.jpg 18w, https:\/\/ccis-agadir.ma\/wp-content\/uploads\/2026\/04\/can2-600x400.jpg 600w, https:\/\/ccis-agadir.ma\/wp-content\/uploads\/2026\/04\/can2-560x373.jpg 560w, https:\/\/ccis-agadir.ma\/wp-content\/uploads\/2026\/04\/can2-1320x879.jpg 1320w, https:\/\/ccis-agadir.ma\/wp-content\/uploads\/2026\/04\/can2.jpg 1600w\" sizes=\"(max-width: 1024px) 100vw, 1024px\" \/><\/figure>\n\n\n\n<p>Cette rencontre s\u2019est d\u00e9roul\u00e9e en pr\u00e9sence de Monsieur Sa\u00efd DOR, Pr\u00e9sident de la Chambre de Commerce, d\u2019Industrie et de Services de Souss-Massa, du Pr\u00e9sident de la Chambre de Commerce de Gran Canaria, du Pr\u00e9sident de la Chambre de Commerce de Fuerteventura, de la repr\u00e9sentante de la Chambre de Commerce de Tenerife, ainsi que de plusieurs directeurs et cadres repr\u00e9sentant les diff\u00e9rentes institutions consulaires participantes.<\/p>\n\n\n\n<p>Cette r\u00e9union a \u00e9t\u00e9 consacr\u00e9e \u00e0 l\u2019examen des m\u00e9canismes de mise en \u0153uvre de l\u2019accord de partenariat conclu entre les chambres concern\u00e9es, avec pour objectif de concr\u00e9tiser une coop\u00e9ration \u00e9conomique durable et op\u00e9rationnelle entre la r\u00e9gion Souss-Massa et les \u00celes Canaries.<\/p>\n\n\n\n<p>Les \u00e9changes ont permis d\u2019identifier plusieurs axes strat\u00e9giques prioritaires, notamment :<\/p>\n\n\n\n<p>Le renforcement de la connectivit\u00e9 a\u00e9rienne et maritime entre les deux destinations ;<br>Le d\u00e9veloppement du marketing territorial et de la promotion commerciale conjointe ;<br>L\u2019\u00e9change de missions \u00e9conomiques et de d\u00e9l\u00e9gations d\u2019affaires ;<br>La participation mutuelle aux salons et manifestations \u00e9conomiques internationales ;<br>La coop\u00e9ration dans les domaines de la digitalisation et de l\u2019innovation ;<br>Le d\u00e9veloppement des \u00e9changes commerciaux li\u00e9s \u00e0 l\u2019\u00e9conomie bleue ;<br>Le partage d\u2019expertises en mati\u00e8re de gestion et de d\u00e9veloppement des zones industrielles ;<br>Le renforcement de la coop\u00e9ration dans le secteur du tourisme de loisirs et de l\u2019investissement touristique.<\/p>\n\n\n\n<figure class=\"wp-block-image size-large\"><img decoding=\"async\" width=\"1024\" height=\"682\" src=\"https:\/\/ccis-agadir.ma\/wp-content\/uploads\/2026\/04\/can3-1024x682.jpg\" alt=\"\" class=\"wp-image-11792\" srcset=\"https:\/\/ccis-agadir.ma\/wp-content\/uploads\/2026\/04\/can3-1024x682.jpg 1024w, https:\/\/ccis-agadir.ma\/wp-content\/uploads\/2026\/04\/can3-300x200.jpg 300w, https:\/\/ccis-agadir.ma\/wp-content\/uploads\/2026\/04\/can3-768x512.jpg 768w, https:\/\/ccis-agadir.ma\/wp-content\/uploads\/2026\/04\/can3-1536x1023.jpg 1536w, https:\/\/ccis-agadir.ma\/wp-content\/uploads\/2026\/04\/can3-18x12.jpg 18w, https:\/\/ccis-agadir.ma\/wp-content\/uploads\/2026\/04\/can3-600x400.jpg 600w, https:\/\/ccis-agadir.ma\/wp-content\/uploads\/2026\/04\/can3-560x373.jpg 560w, https:\/\/ccis-agadir.ma\/wp-content\/uploads\/2026\/04\/can3-1320x879.jpg 1320w, https:\/\/ccis-agadir.ma\/wp-content\/uploads\/2026\/04\/can3.jpg 1600w\" sizes=\"(max-width: 1024px) 100vw, 1024px\" \/><\/figure>\n\n\n\n<p>\u00c0 l\u2019issue de cette r\u00e9union institutionnelle, une s\u00e9ance pl\u00e9ni\u00e8re ouverte aux entreprises des \u00celes Canaries a \u00e9t\u00e9 organis\u00e9e, en pr\u00e9sence de Madame la Consule G\u00e9n\u00e9rale du Royaume du Maroc aux \u00celes Canaries, ainsi que des Pr\u00e9sidents de la CCIS Souss-Massa et de la Chambre de Commerce de Gran Canaria.<\/p>\n\n\n\n<p>Cette rencontre \u00e9largie a constitu\u00e9 une opportunit\u00e9 importante pour promouvoir les potentialit\u00e9s \u00e9conomiques de la r\u00e9gion Souss-Massa \u00e0 travers la projection d\u2019un film institutionnel mettant en valeur ses atouts strat\u00e9giques, ses infrastructures, ainsi que ses opportunit\u00e9s d\u2019investissement.<\/p>\n\n\n\n<p>Les discussions ont \u00e9galement port\u00e9 sur les perspectives de coop\u00e9ration bilat\u00e9rale dans plusieurs secteurs, en particulier le tourisme, o\u00f9 les intervenants ont soulign\u00e9 l\u2019importance de d\u00e9passer la logique de concurrence entre les deux destinations pour privil\u00e9gier une approche fond\u00e9e sur la compl\u00e9mentarit\u00e9, la synergie, l\u2019\u00e9change de bonnes pratiques et la co-construction d\u2019une dynamique touristique r\u00e9gionale b\u00e9n\u00e9fique aux deux rives.<\/p>\n\n\n\n<p>\u00c0 travers cette initiative, la Chambre de Commerce, d\u2019Industrie et de Services de Souss-Massa r\u00e9affirme son engagement \u00e0 consolider son ouverture internationale, \u00e0 promouvoir l\u2019attractivit\u00e9 \u00e9conomique de la r\u00e9gion et \u00e0 d\u00e9velopper des partenariats strat\u00e9giques cr\u00e9ateurs de valeur au service des entreprises et du d\u00e9veloppement territorial.<\/p>\n\n\n\n<p><\/p>","protected":false},"excerpt":{"rendered":"<p>Dans le cadre de la visite de travail effectu\u00e9e par une importante d\u00e9l\u00e9gation institutionnelle de la r\u00e9gion Souss-Massa, conduite par Monsieur Karim Achengli, Pr\u00e9sident du Conseil de la R\u00e9gion Souss-Massa, la Chambre de Commerce, d\u2019Industrie et de Services de Souss-Massa (CCISSM) a tenu une r\u00e9union strat\u00e9gique de haut niveau au si\u00e8ge de la Chambre de [&hellip;]<\/p>","protected":false},"author":220,"featured_media":11790,"comment_status":"closed","ping_status":"closed","sticky":false,"template":"","format":"standard","meta":{"iawp_total_views":1,"footnotes":""},"categories":[96],"tags":[],"class_list":["post-11789","post","type-post","status-publish","format-standard","has-post-thumbnail","hentry","category-partenariats-et-cooperations"],"_links":{"self":[{"href":"https:\/\/ccis-agadir.ma\/ar\/wp-json\/wp\/v2\/posts\/11789","targetHints":{"allow":["GET"]}}],"collection":[{"href":"https:\/\/ccis-agadir.ma\/ar\/wp-json\/wp\/v2\/posts"}],"about":[{"href":"https:\/\/ccis-agadir.ma\/ar\/wp-json\/wp\/v2\/types\/post"}],"author":[{"embeddable":true,"href":"https:\/\/ccis-agadir.ma\/ar\/wp-json\/wp\/v2\/users\/220"}],"replies":[{"embeddable":true,"href":"https:\/\/ccis-agadir.ma\/ar\/wp-json\/wp\/v2\/comments?post=11789"}],"version-history":[{"count":1,"href":"https:\/\/ccis-agadir.ma\/ar\/wp-json\/wp\/v2\/posts\/11789\/revisions"}],"predecessor-version":[{"id":11793,"href":"https:\/\/ccis-agadir.ma\/ar\/wp-json\/wp\/v2\/posts\/11789\/revisions\/11793"}],"wp:featuredmedia":[{"embeddable":true,"href":"https:\/\/ccis-agadir.ma\/ar\/wp-json\/wp\/v2\/media\/11790"}],"wp:attachment":[{"href":"https:\/\/ccis-agadir.ma\/ar\/wp-json\/wp\/v2\/media?parent=11789"}],"wp:term":[{"taxonomy":"category","embeddable":true,"href":"https:\/\/ccis-agadir.ma\/ar\/wp-json\/wp\/v2\/categories?post=11789"},{"taxonomy":"post_tag","embeddable":true,"href":"https:\/\/ccis-agadir.ma\/ar\/wp-json\/wp\/v2\/tags?post=11789"}],"curies":[{"name":"wp","href":"https:\/\/api.w.org\/{rel}","templated":true}]}}