{"id":10744,"date":"2022-07-27T13:18:00","date_gmt":"2022-07-27T13:18:00","guid":{"rendered":"https:\/\/ccis-agadir.ma\/?p=10744"},"modified":"2024-11-26T13:20:09","modified_gmt":"2024-11-26T13:20:09","slug":"protocole-daccord-entre-chambres-professionnelles-et-cgem-souss-massa","status":"publish","type":"post","link":"https:\/\/ccis-agadir.ma\/en\/2022\/07\/protocole-daccord-entre-chambres-professionnelles-et-cgem-souss-massa\/","title":{"rendered":"Protocole d&#8217;accord entre chambres professionnelles et CGEM Souss Massa"},"content":{"rendered":"<blockquote class=\"wp-block-quote is-layout-flow wp-block-quote-is-layout-flow\">\n<p>Dans le cadre des missions constitutionnelles des chambres professionnelles, les pr\u00e9sidents des chambres professionnelles de la r\u00e9gion Souss-Massa et de la CGEM R\u00e9gion Souss-Massa ont tenu mercredi 27 juillet 2022 une deuxi\u00e8me r\u00e9union de concertation et de coordination au si\u00e8ge de la CCISM Souss-Massa.<\/p>\n<\/blockquote>\n\n\n\n<figure class=\"wp-block-image size-full\"><img fetchpriority=\"high\" decoding=\"async\" width=\"500\" height=\"331\" src=\"https:\/\/ccis-agadir.ma\/wp-content\/uploads\/2024\/11\/26.jpeg\" alt=\"\" class=\"wp-image-10745\" srcset=\"https:\/\/ccis-agadir.ma\/wp-content\/uploads\/2024\/11\/26.jpeg 500w, https:\/\/ccis-agadir.ma\/wp-content\/uploads\/2024\/11\/26-300x199.jpeg 300w, https:\/\/ccis-agadir.ma\/wp-content\/uploads\/2024\/11\/26-18x12.jpeg 18w\" sizes=\"(max-width: 500px) 100vw, 500px\" \/><\/figure>\n\n\n\n<p>Au cours de cette r\u00e9union, les pr\u00e9sidents des chambres professionnelles de la r\u00e9gion Souss-Massa et le pr\u00e9sident de la CGEM R\u00e9gion Souss Massa ont d\u00e9battu le probl\u00e8me des visas professionnels de certains pays avec lesquels nous entretenons des relations \u00e9conomiques, commerciales, culturelles et historiques profondes.<br>Les pr\u00e9sidents des chambres professionnelles et le pr\u00e9sident de la CGEM R\u00e9gion Souss Massa ont soulign\u00e9 la gravit\u00e9 et le grand impact de ce probl\u00e8me sur l&#8217;importation des \u00e9quipements industriels et des pi\u00e8ces de rechange, ainsi que sur la participation \u00e0 des foires et salons professionnels y aff\u00e9rents et qui impacte de mani\u00e8re p\u00e9nale les autres secteurs productifs de la r\u00e9gion et en particulier le transport international de marchandises.<br>Dans ce contexte, les pr\u00e9sidents des chambres professionnelles et le pr\u00e9sident de la CGEM R\u00e9gion Souss Massa ont affirm\u00e9 leur d\u00e9termination et leur d\u00e9cision pour d\u00e9velopper un ensemble de plans alternatifs pour importer l&#8217;\u00e9quipement industriel n\u00e9cessaire d&#8217;autres pays et pour assurer la commercialisation des produits r\u00e9gionaux export\u00e9s par la cr\u00e9ation de nouvelles lignes maritimes et encourager et soutenir le transport a\u00e9rien direct, le fret a\u00e9rien des marchandises \u00e0 des prix comp\u00e9titifs.<br>Au cours de cette rencontre, les pr\u00e9sidents des chambres professionnelles et le pr\u00e9sident de la CGEM R\u00e9gion Souss Massa ont \u00e9galement sign\u00e9 un protocole d&#8217;accord visant \u00e0 institutionnaliser le partenariat et en d\u00e9finir les grands axes.<br>Au cours des trois prochains mois, ce collectif travaillera sur une vision globale et claire des projets strat\u00e9giques dont la r\u00e9gion Souss Massa a besoin afin de concr\u00e9tiser la position voulue par Sa Majest\u00e9, Mohammed VI, que Dieu l&#8217;assiste en tant que:<br>R\u00e9gion au c\u0153ur du Royaume,<br>P\u00f4le \u00e9conomique actif,<br>Une porte de l&#8217;Afrique.<\/p>","protected":false},"excerpt":{"rendered":"<p>Dans le cadre des missions constitutionnelles des chambres professionnelles, les pr\u00e9sidents des chambres professionnelles de la r\u00e9gion Souss-Massa et de la CGEM R\u00e9gion Souss-Massa ont tenu mercredi 27 juillet 2022 une deuxi\u00e8me r\u00e9union de concertation et de coordination au si\u00e8ge de la CCISM Souss-Massa. Au cours de cette r\u00e9union, les pr\u00e9sidents des chambres professionnelles de [&hellip;]<\/p>","protected":false},"author":1,"featured_media":10745,"comment_status":"closed","ping_status":"closed","sticky":false,"template":"","format":"standard","meta":{"iawp_total_views":0,"footnotes":""},"categories":[1],"tags":[],"class_list":["post-10744","post","type-post","status-publish","format-standard","has-post-thumbnail","hentry","category-uncategorized"],"_links":{"self":[{"href":"https:\/\/ccis-agadir.ma\/en\/wp-json\/wp\/v2\/posts\/10744","targetHints":{"allow":["GET"]}}],"collection":[{"href":"https:\/\/ccis-agadir.ma\/en\/wp-json\/wp\/v2\/posts"}],"about":[{"href":"https:\/\/ccis-agadir.ma\/en\/wp-json\/wp\/v2\/types\/post"}],"author":[{"embeddable":true,"href":"https:\/\/ccis-agadir.ma\/en\/wp-json\/wp\/v2\/users\/1"}],"replies":[{"embeddable":true,"href":"https:\/\/ccis-agadir.ma\/en\/wp-json\/wp\/v2\/comments?post=10744"}],"version-history":[{"count":1,"href":"https:\/\/ccis-agadir.ma\/en\/wp-json\/wp\/v2\/posts\/10744\/revisions"}],"predecessor-version":[{"id":10746,"href":"https:\/\/ccis-agadir.ma\/en\/wp-json\/wp\/v2\/posts\/10744\/revisions\/10746"}],"wp:featuredmedia":[{"embeddable":true,"href":"https:\/\/ccis-agadir.ma\/en\/wp-json\/wp\/v2\/media\/10745"}],"wp:attachment":[{"href":"https:\/\/ccis-agadir.ma\/en\/wp-json\/wp\/v2\/media?parent=10744"}],"wp:term":[{"taxonomy":"category","embeddable":true,"href":"https:\/\/ccis-agadir.ma\/en\/wp-json\/wp\/v2\/categories?post=10744"},{"taxonomy":"post_tag","embeddable":true,"href":"https:\/\/ccis-agadir.ma\/en\/wp-json\/wp\/v2\/tags?post=10744"}],"curies":[{"name":"wp","href":"https:\/\/api.w.org\/{rel}","templated":true}]}}