{"id":10753,"date":"2022-07-07T13:28:00","date_gmt":"2022-07-07T13:28:00","guid":{"rendered":"https:\/\/ccis-agadir.ma\/?p=10753"},"modified":"2024-11-26T13:29:29","modified_gmt":"2024-11-26T13:29:29","slug":"celebration-de-la-journee-nationale-du-commercant","status":"publish","type":"post","link":"https:\/\/ccis-agadir.ma\/en\/2022\/07\/celebration-de-la-journee-nationale-du-commercant\/","title":{"rendered":"C\u00e9l\u00e9bration de la Journ\u00e9e nationale du commer\u00e7ant"},"content":{"rendered":"<blockquote class=\"wp-block-quote is-layout-flow wp-block-quote-is-layout-flow\">\n<p>Le 21 juin rendez-vous annuel constitue une opportunit\u00e9 pour mettre en lumi\u00e8re le r\u00f4le moteur du commer\u00e7ant marocain, en tant qu&#8217;acteur central du d\u00e9veloppement, et faire le bilan des actions men\u00e9es en faveur du secteur, activateur de lien social et acteur de la qualit\u00e9 de vie des citoyens.<\/p>\n<\/blockquote>\n\n\n\n<figure class=\"wp-block-image size-full\"><img fetchpriority=\"high\" decoding=\"async\" width=\"768\" height=\"509\" src=\"https:\/\/ccis-agadir.ma\/wp-content\/uploads\/2024\/11\/29.jpg\" alt=\"\" class=\"wp-image-10754\" srcset=\"https:\/\/ccis-agadir.ma\/wp-content\/uploads\/2024\/11\/29.jpg 768w, https:\/\/ccis-agadir.ma\/wp-content\/uploads\/2024\/11\/29-300x199.jpg 300w, https:\/\/ccis-agadir.ma\/wp-content\/uploads\/2024\/11\/29-18x12.jpg 18w, https:\/\/ccis-agadir.ma\/wp-content\/uploads\/2024\/11\/29-600x398.jpg 600w, https:\/\/ccis-agadir.ma\/wp-content\/uploads\/2024\/11\/29-560x371.jpg 560w\" sizes=\"(max-width: 768px) 100vw, 768px\" \/><\/figure>\n\n\n\n<p>La CCIS Souss Massa \u00e9tait au rendez-vous jeudi 7 juillet 2022 pour c\u00e9l\u00e9brer la journ\u00e9e nationale du commer\u00e7ant, par l&#8217;organisation d&#8217;une c\u00e9r\u00e9monie d&#8217;hommage au profit d&#8217;un ensemble de commer\u00e7ants de la r\u00e9gion reconnus pour leur excellence et d\u00e9vouement dans le secteur du commerce.<br>Cette c\u00e9r\u00e9monie \u00e9tait pr\u00e9sid\u00e9e par Monsieur le Wali de la R\u00e9gion Souss Massa, et en pr\u00e9sence de : Monsieur le Pr\u00e9sident du Conseil de la r\u00e9gion Souss Massa, Monsieur le Gouverneur la Pr\u00e9fecture d&#8217;Inezgane &#8211; Ait Melloul, la Parlementaire Madame Nora Kroum de la r\u00e9gion Souss-Massa, Monsieur le Pr\u00e9sident de la CCIS Souss Massa, Monsieur le Vice-Pr\u00e9sident de la CGEM r\u00e9gion Souss Massa, Monsieur le Pr\u00e9sident de l&#8217;Universit\u00e9 Ibn Zohr, Monsieur le Directeur G\u00e9n\u00e9ral du Centre R\u00e9gional d&#8217;Investissement Souss Massa, Monsieur le Directeur R\u00e9gional des Imp\u00f4ts, Monsieur le Directeur R\u00e9gional de la CNSS r\u00e9gion Souss Massa, Monsieur le Directeur R\u00e9gional du Minist\u00e8re du Commerce et de l&#8217;Industrie, Monsieur Le Pr\u00e9sident de l&#8217;Association SMI, Madame et Messieurs les membres du breau de la CCISSM , Madame et Messieurs les membres de la CCISSM, et Messieurs les Pr\u00e9sidents des Associations Professionnelles des commer\u00e7ants.<br>Monsieur Le Pr\u00e9sident de la CCISSM a inaugur\u00e9 cette rencontre par un mot de bienvenue dans lequel il a soulign\u00e9 Le r\u00f4le du commer\u00e7ant dans le d\u00e9veloppement \u00e9conomique, que ce soit au niveau r\u00e9gional ou national.<br>Cette c\u00e9r\u00e9monie a vu la remise des troph\u00e9es ainsi que des attestations de reconnaissance et d&#8217;appr\u00e9ciation aux commer\u00e7ants honor\u00e9s.<\/p>","protected":false},"excerpt":{"rendered":"<p>Le 21 juin rendez-vous annuel constitue une opportunit\u00e9 pour mettre en lumi\u00e8re le r\u00f4le moteur du commer\u00e7ant marocain, en tant qu&#8217;acteur central du d\u00e9veloppement, et faire le bilan des actions men\u00e9es en faveur du secteur, activateur de lien social et acteur de la qualit\u00e9 de vie des citoyens. La CCIS Souss Massa \u00e9tait au rendez-vous [&hellip;]<\/p>","protected":false},"author":1,"featured_media":10754,"comment_status":"closed","ping_status":"closed","sticky":false,"template":"","format":"standard","meta":{"iawp_total_views":0,"footnotes":""},"categories":[1],"tags":[],"class_list":["post-10753","post","type-post","status-publish","format-standard","has-post-thumbnail","hentry","category-uncategorized"],"_links":{"self":[{"href":"https:\/\/ccis-agadir.ma\/en\/wp-json\/wp\/v2\/posts\/10753","targetHints":{"allow":["GET"]}}],"collection":[{"href":"https:\/\/ccis-agadir.ma\/en\/wp-json\/wp\/v2\/posts"}],"about":[{"href":"https:\/\/ccis-agadir.ma\/en\/wp-json\/wp\/v2\/types\/post"}],"author":[{"embeddable":true,"href":"https:\/\/ccis-agadir.ma\/en\/wp-json\/wp\/v2\/users\/1"}],"replies":[{"embeddable":true,"href":"https:\/\/ccis-agadir.ma\/en\/wp-json\/wp\/v2\/comments?post=10753"}],"version-history":[{"count":1,"href":"https:\/\/ccis-agadir.ma\/en\/wp-json\/wp\/v2\/posts\/10753\/revisions"}],"predecessor-version":[{"id":10755,"href":"https:\/\/ccis-agadir.ma\/en\/wp-json\/wp\/v2\/posts\/10753\/revisions\/10755"}],"wp:featuredmedia":[{"embeddable":true,"href":"https:\/\/ccis-agadir.ma\/en\/wp-json\/wp\/v2\/media\/10754"}],"wp:attachment":[{"href":"https:\/\/ccis-agadir.ma\/en\/wp-json\/wp\/v2\/media?parent=10753"}],"wp:term":[{"taxonomy":"category","embeddable":true,"href":"https:\/\/ccis-agadir.ma\/en\/wp-json\/wp\/v2\/categories?post=10753"},{"taxonomy":"post_tag","embeddable":true,"href":"https:\/\/ccis-agadir.ma\/en\/wp-json\/wp\/v2\/tags?post=10753"}],"curies":[{"name":"wp","href":"https:\/\/api.w.org\/{rel}","templated":true}]}}