{"id":10807,"date":"2022-01-20T14:11:00","date_gmt":"2022-01-20T14:11:00","guid":{"rendered":"https:\/\/ccis-agadir.ma\/?p=10807"},"modified":"2024-11-26T14:12:21","modified_gmt":"2024-11-26T14:12:21","slug":"ceremonie-d-hommage","status":"publish","type":"post","link":"https:\/\/ccis-agadir.ma\/en\/2022\/01\/ceremonie-d-hommage\/","title":{"rendered":"C\u00e9r\u00e9monie d&#8217; hommage"},"content":{"rendered":"<blockquote class=\"wp-block-quote is-layout-flow wp-block-quote-is-layout-flow\">\n<p>C\u00e9r\u00e9monie d&#8217; hommage en l&#8217;honneur de Monsieur Brahim Hafidi Ex-Pr\u00e9sident du Conseil R\u00e9gional Souss Massa<\/p>\n<\/blockquote>\n\n\n\n<figure class=\"wp-block-image size-full\"><img fetchpriority=\"high\" decoding=\"async\" width=\"688\" height=\"550\" src=\"https:\/\/ccis-agadir.ma\/wp-content\/uploads\/2024\/11\/47.jpg\" alt=\"\" class=\"wp-image-10808\" srcset=\"https:\/\/ccis-agadir.ma\/wp-content\/uploads\/2024\/11\/47.jpg 688w, https:\/\/ccis-agadir.ma\/wp-content\/uploads\/2024\/11\/47-300x240.jpg 300w, https:\/\/ccis-agadir.ma\/wp-content\/uploads\/2024\/11\/47-15x12.jpg 15w, https:\/\/ccis-agadir.ma\/wp-content\/uploads\/2024\/11\/47-600x480.jpg 600w, https:\/\/ccis-agadir.ma\/wp-content\/uploads\/2024\/11\/47-560x448.jpg 560w\" sizes=\"(max-width: 688px) 100vw, 688px\" \/><\/figure>\n\n\n\n<p>Cette c\u00e9r\u00e9monie s&#8217;est tenue par le Conseil R\u00e9gional du Tourisme, en pr\u00e9sence de M. Rachid Dahmaz, Pr\u00e9sident du Conseil R\u00e9gional du Tourisme , des \u00e9lus de la Commune d&#8217;Agadir, des membres du Conseil R\u00e9gional Souss Massa, et des membres du Bureau Ex\u00e9cutif du CRT.<br><\/p>","protected":false},"excerpt":{"rendered":"<p>C\u00e9r\u00e9monie d&#8217; hommage en l&#8217;honneur de Monsieur Brahim Hafidi Ex-Pr\u00e9sident du Conseil R\u00e9gional Souss Massa Cette c\u00e9r\u00e9monie s&#8217;est tenue par le Conseil R\u00e9gional du Tourisme, en pr\u00e9sence de M. Rachid Dahmaz, Pr\u00e9sident du Conseil R\u00e9gional du Tourisme , des \u00e9lus de la Commune d&#8217;Agadir, des membres du Conseil R\u00e9gional Souss Massa, et des membres du [&hellip;]<\/p>","protected":false},"author":1,"featured_media":10808,"comment_status":"closed","ping_status":"closed","sticky":false,"template":"","format":"standard","meta":{"iawp_total_views":0,"footnotes":""},"categories":[1],"tags":[],"class_list":["post-10807","post","type-post","status-publish","format-standard","has-post-thumbnail","hentry","category-uncategorized"],"_links":{"self":[{"href":"https:\/\/ccis-agadir.ma\/en\/wp-json\/wp\/v2\/posts\/10807","targetHints":{"allow":["GET"]}}],"collection":[{"href":"https:\/\/ccis-agadir.ma\/en\/wp-json\/wp\/v2\/posts"}],"about":[{"href":"https:\/\/ccis-agadir.ma\/en\/wp-json\/wp\/v2\/types\/post"}],"author":[{"embeddable":true,"href":"https:\/\/ccis-agadir.ma\/en\/wp-json\/wp\/v2\/users\/1"}],"replies":[{"embeddable":true,"href":"https:\/\/ccis-agadir.ma\/en\/wp-json\/wp\/v2\/comments?post=10807"}],"version-history":[{"count":1,"href":"https:\/\/ccis-agadir.ma\/en\/wp-json\/wp\/v2\/posts\/10807\/revisions"}],"predecessor-version":[{"id":10809,"href":"https:\/\/ccis-agadir.ma\/en\/wp-json\/wp\/v2\/posts\/10807\/revisions\/10809"}],"wp:featuredmedia":[{"embeddable":true,"href":"https:\/\/ccis-agadir.ma\/en\/wp-json\/wp\/v2\/media\/10808"}],"wp:attachment":[{"href":"https:\/\/ccis-agadir.ma\/en\/wp-json\/wp\/v2\/media?parent=10807"}],"wp:term":[{"taxonomy":"category","embeddable":true,"href":"https:\/\/ccis-agadir.ma\/en\/wp-json\/wp\/v2\/categories?post=10807"},{"taxonomy":"post_tag","embeddable":true,"href":"https:\/\/ccis-agadir.ma\/en\/wp-json\/wp\/v2\/tags?post=10807"}],"curies":[{"name":"wp","href":"https:\/\/api.w.org\/{rel}","templated":true}]}}