{"id":11288,"date":"2025-04-11T10:50:38","date_gmt":"2025-04-11T10:50:38","guid":{"rendered":"https:\/\/ccis-agadir.com\/?p=11288"},"modified":"2025-10-09T14:32:19","modified_gmt":"2025-10-09T14:32:19","slug":"session-ordinaire-de-lag-de-la-chambre-de-commerce-dindustrie-et-de-services-souss-massa","status":"publish","type":"post","link":"https:\/\/ccis-agadir.ma\/en\/2025\/04\/session-ordinaire-de-lag-de-la-chambre-de-commerce-dindustrie-et-de-services-souss-massa\/","title":{"rendered":"Session ordinaire de l&#8217;AG de la Chambre de Commerce, d\u2019Industrie et de Services \u00a0Souss Massa"},"content":{"rendered":"<div data-elementor-type=\"wp-post\" data-elementor-id=\"11288\" class=\"elementor elementor-11288\" data-elementor-settings=\"{&quot;ha_cmc_init_switcher&quot;:&quot;no&quot;}\" data-elementor-post-type=\"post\">\n\t\t\t\t<div class=\"elementor-element elementor-element-30ccdab4 e-flex e-con-boxed e-con e-parent\" data-id=\"30ccdab4\" data-element_type=\"container\" data-settings=\"{&quot;_ha_eqh_enable&quot;:false,&quot;ekit_has_onepagescroll_dot&quot;:&quot;yes&quot;}\">\n\t\t\t\t\t<div class=\"e-con-inner\">\n\t\t\t\t<div class=\"elementor-element elementor-element-527416dd elementor-widget elementor-widget-text-editor\" data-id=\"527416dd\" data-element_type=\"widget\" data-settings=\"{&quot;ekit_we_effect_on&quot;:&quot;none&quot;}\" data-widget_type=\"text-editor.default\">\n\t\t\t\t<div class=\"elementor-widget-container\">\n\t\t\t\t\t\t\t\t\t\n<p>La Chambre de Commerce, d\u2019Industrie et de Services \u00a0Souss Massa a tenu, le mardi 11 f\u00e9vrier 2025 au si\u00e8ge de la Chambre, sa session ordinaire du mois de f\u00e9vrier. Cette session a \u00e9t\u00e9 pr\u00e9sid\u00e9e par M. Sa\u00efd DOR, Pr\u00e9sident de la Chambre, en pr\u00e9sence des membres de la Chambre, de repr\u00e9sentants des autorit\u00e9s locales, d\u2019hommes d\u2019affaires et d\u2019investisseurs de la r\u00e9gion, ainsi que des repr\u00e9sentants d\u2019institutions partenaires, des collectivit\u00e9s territoriales, d\u2019associations professionnelles et de m\u00e9dias.<\/p>\n\n<p>Cette session a \u00e9galement \u00e9t\u00e9 marqu\u00e9e par la pr\u00e9sence de M. Karim ACHENKLI, Pr\u00e9sident du Conseil R\u00e9gional de Souss Massa, de M. Driss BOUTI, Pr\u00e9sident de la CGEM Souss Massa, de M. Mohamed EL MODEN, Pr\u00e9sident du Conseil du Groupe des Collectivit\u00e9s Territoriales, de Mme Kenza KACIB, Directrice G\u00e9n\u00e9rale du Centre R\u00e9gional d\u2019Investissement de Souss Massa, et de M. Yasser AMIRA, Directeur R\u00e9gional de l\u2019Industrie et du Commerce.<\/p>\n\n<p>La session a d\u00e9but\u00e9 par la lecture de versets du Saint Coran, suivie d\u2019un mot d\u2019ouverture prononc\u00e9 par M. Sa\u00efd DOR, qui a souhait\u00e9 la bienvenue aux membres et \u00e0 tous les invit\u00e9s. Il a salu\u00e9 la pr\u00e9sence du Pr\u00e9sident du Conseil R\u00e9gional, qu\u2019il a qualifi\u00e9e de symbole fort du partenariat solide entre les deux institutions. Il a \u00e9galement soulign\u00e9 l\u2019importance strat\u00e9gique du projet de port sec et de la ligne maritime Agadir-Dakar dans le d\u00e9veloppement des \u00e9changes commerciaux entre le Maroc et les pays d\u2019Afrique de l\u2019Ouest, un projet pour lequel la Chambre a jou\u00e9 un r\u00f4le central aux c\u00f4t\u00e9s de ses partenaires.<\/p>\n\n<figure class=\"wp-block-image size-large\"><img fetchpriority=\"high\" decoding=\"async\" width=\"1024\" height=\"683\" class=\"wp-image-11291\" src=\"https:\/\/ccis-agadir.ma\/wp-content\/uploads\/2025\/04\/2-1024x683.jpg\" alt=\"\" srcset=\"https:\/\/ccis-agadir.ma\/wp-content\/uploads\/2025\/04\/2-1024x683.jpg 1024w, https:\/\/ccis-agadir.ma\/wp-content\/uploads\/2025\/04\/2-300x200.jpg 300w, https:\/\/ccis-agadir.ma\/wp-content\/uploads\/2025\/04\/2-768x512.jpg 768w, https:\/\/ccis-agadir.ma\/wp-content\/uploads\/2025\/04\/2-1536x1025.jpg 1536w, https:\/\/ccis-agadir.ma\/wp-content\/uploads\/2025\/04\/2-18x12.jpg 18w, https:\/\/ccis-agadir.ma\/wp-content\/uploads\/2025\/04\/2-600x400.jpg 600w, https:\/\/ccis-agadir.ma\/wp-content\/uploads\/2025\/04\/2-560x374.jpg 560w, https:\/\/ccis-agadir.ma\/wp-content\/uploads\/2025\/04\/2-1320x880.jpg 1320w, https:\/\/ccis-agadir.ma\/wp-content\/uploads\/2025\/04\/2.jpg 2048w\" sizes=\"(max-width: 1024px) 100vw, 1024px\" \/><\/figure>\n\n<p>Dans son allocution, M. DOR s\u2019est dit fier des r\u00e9alisations de la Chambre, affirmant que l\u2019institution a consolid\u00e9 son r\u00f4le d\u2019acteur majeur du d\u00e9veloppement \u00e9conomique r\u00e9gional \u00e0 travers la mise en \u0153uvre de programmes strat\u00e9giques et l\u2019attraction de grands investissements. Il a pr\u00e9cis\u00e9 que 50 % du plan strat\u00e9gique 2021-2027 ont d\u00e9j\u00e0 \u00e9t\u00e9 r\u00e9alis\u00e9s, tout comme 75 % du plan de d\u00e9veloppement de la Chambre. Celle-ci a aussi r\u00e9ussi \u00e0 am\u00e9liorer ses ressources propres, ce qui lui a permis d\u2019obtenir, pour la troisi\u00e8me ann\u00e9e cons\u00e9cutive, la certification qualit\u00e9 <strong>ISO 9001 version 2015<\/strong>. Sur le plan international, la Chambre a organis\u00e9 une mission \u00e9conomique au S\u00e9n\u00e9gal pour explorer les opportunit\u00e9s d\u2019investissement et renforcer les relations commerciales avec l\u2019Afrique de l\u2019Ouest, une initiative qui a connu un grand succ\u00e8s.<\/p>\n\n<p>La session de f\u00e9vrier s\u2019est articul\u00e9e autour d\u2019un th\u00e8me principal :<\/p>\n\n<p><strong>&#8220;Le port sec et la ligne maritime Agadir-Dakar : perspectives pour le d\u00e9veloppement \u00e9conomique de la r\u00e9gion Souss Massa&#8221;<\/strong><\/p>\n\n<p>Dans ce cadre, M. Karim ACHENKLI, Pr\u00e9sident du Conseil R\u00e9gional de Souss Massa, et M. LAYAZID OUAHMAN, Directeur des Affaires \u00c9conomiques, ont pr\u00e9sent\u00e9 un expos\u00e9 global sur plusieurs projets :<\/p>\n\n<p>\ud83d\udd39 <strong>Cr\u00e9ation d\u2019un port sec \u00e0 Agadir<\/strong>, visant \u00e0 fluidifier la circulation des marchandises et \u00e0 renforcer la comp\u00e9titivit\u00e9 portuaire en r\u00e9duisant les d\u00e9lais d\u2019exportation et d\u2019importation.<\/p>\n\n<p>\ud83d\udd39 <strong>Mise en place d\u2019une ligne maritime r\u00e9guli\u00e8re entre Agadir et Dakar<\/strong>, dans le cadre d\u2019un protocole d\u2019accord entre la R\u00e9gion Souss Massa et la soci\u00e9t\u00e9 <em>Agadir Dakar Line<\/em>, pour stimuler les \u00e9changes commerciaux entre le Maroc et le S\u00e9n\u00e9gal, notamment dans le secteur des produits agricoles (fruits et l\u00e9gumes).<\/p>\n\n<p>\ud83d\udd39 <strong>Mise \u00e0 niveau du complexe portuaire d\u2019Agadir<\/strong> pour r\u00e9pondre aux standards internationaux et am\u00e9liorer les capacit\u00e9s d\u2019exportation de la r\u00e9gion.<\/p>\n\n<p>\ud83d\udd39 <strong>Cr\u00e9ation d\u2019une nouvelle a\u00e9rogare et d\u2019une tour de contr\u00f4le \u00e0 l\u2019a\u00e9roport de Tata<\/strong>, pour renforcer la connectivit\u00e9 r\u00e9gionale et l\u2019attractivit\u00e9 du territoire pour les investisseurs.<\/p>\n\n<p>M. ACHENKLI a pr\u00e9cis\u00e9 que ces projets s\u2019inscrivent dans le cadre du <strong>Programme de D\u00e9veloppement R\u00e9gional 2022-2027<\/strong>, qui ambitionne de moderniser les infrastructures et de soutenir l\u2019\u00e9conomie r\u00e9gionale.<\/p>\n<hr class=\"wp-block-separator has-alpha-channel-opacity\" \/>\n<p>La session s\u2019est \u00e9galement distingu\u00e9e par l\u2019adoption de tous les points inscrits \u00e0 l\u2019ordre du jour :<\/p>\n\n<p>\u2705 Proc\u00e8s-verbal de la session d\u2019octobre 2024 (tenue le 30 octobre 2024)<\/p>\n\n<p>\u2705 Compte administratif de l\u2019ann\u00e9e 2024<\/p>\n\n<p>\u2705 Programme de travail de la Chambre pour l\u2019ann\u00e9e 2025, incluant des plans strat\u00e9giques pour l\u2019accompagnement des entreprises et la dynamisation de l\u2019investissement r\u00e9gional<\/p>\n\n<p>\u2705 Budget 2025 de la Chambre, orient\u00e9 vers le renforcement des ressources et l\u2019am\u00e9lioration des services offerts aux professionnels<\/p>\n\n<p>\u2705 Convention de partenariat entre la Chambre et l\u2019Association des \u0152uvres Sociales du personnel<\/p>\n\n<p>\u2705 Organisation conjointe du <strong>Salon du BTP 2025 (BATEQUIP)<\/strong>, une opportunit\u00e9 majeure de promotion du secteur de la construction et de l\u2019\u00e9quipement au Maroc et de mobilisation de l\u2019investissement<\/p>\n\n<p>\u2705 Location de l\u2019\u00e9cran publicitaire de la Chambre pour am\u00e9liorer sa communication et la promotion de ses services<\/p>\n\n<p>Enfin, la session s\u2019est conclue par l\u2019\u00e9l\u00e9vation d\u2019une <strong>lettre de loyaut\u00e9 et de fid\u00e9lit\u00e9 \u00e0 Sa Majest\u00e9 le Roi Mohammed VI<\/strong>, que Dieu l\u2019assiste, en reconnaissance de ses efforts constants pour le d\u00e9veloppement \u00e9conomique du Royaume et pour le positionnement du Maroc comme p\u00f4le \u00e9conomique en Afrique.<\/p>\n\t\t\t\t\t\t\t\t<\/div>\n\t\t\t\t<\/div>\n\t\t\t\t\t<\/div>\n\t\t\t\t<\/div>\n\t\t\t\t<\/div>","protected":false},"excerpt":{"rendered":"<p>La Chambre de Commerce, d\u2019Industrie et de Services \u00a0Souss Massa a tenu, le mardi 11 f\u00e9vrier 2025 au si\u00e8ge de la Chambre, sa session ordinaire du mois de f\u00e9vrier. Cette session a \u00e9t\u00e9 pr\u00e9sid\u00e9e par M. Sa\u00efd DOR, Pr\u00e9sident de la Chambre, en pr\u00e9sence des membres de la Chambre, de repr\u00e9sentants des autorit\u00e9s locales, d\u2019hommes [&hellip;]<\/p>","protected":false},"author":8,"featured_media":11490,"comment_status":"closed","ping_status":"closed","sticky":false,"template":"","format":"standard","meta":{"iawp_total_views":5,"footnotes":""},"categories":[95],"tags":[],"class_list":["post-11288","post","type-post","status-publish","format-standard","has-post-thumbnail","hentry","category-evenements-et-conferences"],"_links":{"self":[{"href":"https:\/\/ccis-agadir.ma\/en\/wp-json\/wp\/v2\/posts\/11288","targetHints":{"allow":["GET"]}}],"collection":[{"href":"https:\/\/ccis-agadir.ma\/en\/wp-json\/wp\/v2\/posts"}],"about":[{"href":"https:\/\/ccis-agadir.ma\/en\/wp-json\/wp\/v2\/types\/post"}],"author":[{"embeddable":true,"href":"https:\/\/ccis-agadir.ma\/en\/wp-json\/wp\/v2\/users\/8"}],"replies":[{"embeddable":true,"href":"https:\/\/ccis-agadir.ma\/en\/wp-json\/wp\/v2\/comments?post=11288"}],"version-history":[{"count":5,"href":"https:\/\/ccis-agadir.ma\/en\/wp-json\/wp\/v2\/posts\/11288\/revisions"}],"predecessor-version":[{"id":11497,"href":"https:\/\/ccis-agadir.ma\/en\/wp-json\/wp\/v2\/posts\/11288\/revisions\/11497"}],"wp:featuredmedia":[{"embeddable":true,"href":"https:\/\/ccis-agadir.ma\/en\/wp-json\/wp\/v2\/media\/11490"}],"wp:attachment":[{"href":"https:\/\/ccis-agadir.ma\/en\/wp-json\/wp\/v2\/media?parent=11288"}],"wp:term":[{"taxonomy":"category","embeddable":true,"href":"https:\/\/ccis-agadir.ma\/en\/wp-json\/wp\/v2\/categories?post=11288"},{"taxonomy":"post_tag","embeddable":true,"href":"https:\/\/ccis-agadir.ma\/en\/wp-json\/wp\/v2\/tags?post=11288"}],"curies":[{"name":"wp","href":"https:\/\/api.w.org\/{rel}","templated":true}]}}