{"id":11315,"date":"2025-05-06T14:31:18","date_gmt":"2025-05-06T14:31:18","guid":{"rendered":"https:\/\/ccis-agadir.com\/?p=11315"},"modified":"2025-10-09T14:08:09","modified_gmt":"2025-10-09T14:08:09","slug":"la-ccis-souss-massa-partenaire-strategique-du-forum-international-de-lindustrie-et-des-services-dagadir","status":"publish","type":"post","link":"https:\/\/ccis-agadir.ma\/en\/2025\/05\/la-ccis-souss-massa-partenaire-strategique-du-forum-international-de-lindustrie-et-des-services-dagadir\/","title":{"rendered":"La CCIS Souss-Massa, partenaire strat\u00e9gique du Forum International de l\u2019Industrie et des Services d\u2019Agadir"},"content":{"rendered":"<p><br>Agadir, le 6 mai 2025 \u2013 <\/p>\n\n\n\n<p>La Chambre de Commerce, d\u2019Industrie et de Services (CCIS) Souss-Massa a marqu\u00e9 de son empreinte la premi\u00e8re \u00e9dition du Forum International de l\u2019Industrie et des Services (FIIS) d\u2019Agadir, organis\u00e9e les 5 et 6 mai 2025 \u00e0 l\u2019H\u00f4tel Les Dunes d\u2019Or. En tant que partenaire institutionnel majeur, la CCIS a activement contribu\u00e9 \u00e0 la r\u00e9ussite de cet \u00e9v\u00e9nement d\u2019envergure d\u00e9di\u00e9 \u00e0 l\u2019innovation, \u00e0 la durabilit\u00e9 et \u00e0 la comp\u00e9titivit\u00e9 industrielle de la r\u00e9gion.<br>Le forum a \u00e9t\u00e9 officiellement lanc\u00e9 lors d\u2019une c\u00e9r\u00e9monie d\u2019ouverture marqu\u00e9e par la pr\u00e9sence distingu\u00e9e de Monsieur le Wali de la r\u00e9gion Souss-Massa, Monsieur le Pr\u00e9sident du Conseil R\u00e9gional Souss-Massa, ainsi que Monsieur Said DOR, Pr\u00e9sident de la Chambre de Commerce, d\u2019Industrie et de Services Souss-Massa.<\/p>\n\n\n\n<figure class=\"wp-block-gallery has-nested-images columns-default is-cropped wp-block-gallery-1 is-layout-flex wp-block-gallery-is-layout-flex\">\n<figure class=\"wp-block-image size-large\"><img fetchpriority=\"high\" decoding=\"async\" width=\"1024\" height=\"683\" data-id=\"11483\" src=\"https:\/\/ccis-agadir.ma\/wp-content\/uploads\/2025\/05\/Forum-International-de-lIndustrie-et-des-Services2-1024x683.jpg\" alt=\"\" class=\"wp-image-11483\" srcset=\"https:\/\/ccis-agadir.ma\/wp-content\/uploads\/2025\/05\/Forum-International-de-lIndustrie-et-des-Services2-1024x683.jpg 1024w, https:\/\/ccis-agadir.ma\/wp-content\/uploads\/2025\/05\/Forum-International-de-lIndustrie-et-des-Services2-300x200.jpg 300w, https:\/\/ccis-agadir.ma\/wp-content\/uploads\/2025\/05\/Forum-International-de-lIndustrie-et-des-Services2-768x512.jpg 768w, https:\/\/ccis-agadir.ma\/wp-content\/uploads\/2025\/05\/Forum-International-de-lIndustrie-et-des-Services2-1536x1024.jpg 1536w, https:\/\/ccis-agadir.ma\/wp-content\/uploads\/2025\/05\/Forum-International-de-lIndustrie-et-des-Services2-18x12.jpg 18w, https:\/\/ccis-agadir.ma\/wp-content\/uploads\/2025\/05\/Forum-International-de-lIndustrie-et-des-Services2-600x400.jpg 600w, https:\/\/ccis-agadir.ma\/wp-content\/uploads\/2025\/05\/Forum-International-de-lIndustrie-et-des-Services2-560x373.jpg 560w, https:\/\/ccis-agadir.ma\/wp-content\/uploads\/2025\/05\/Forum-International-de-lIndustrie-et-des-Services2-1320x880.jpg 1320w, https:\/\/ccis-agadir.ma\/wp-content\/uploads\/2025\/05\/Forum-International-de-lIndustrie-et-des-Services2.jpg 1600w\" sizes=\"(max-width: 1024px) 100vw, 1024px\" \/><\/figure>\n\n\n\n<figure class=\"wp-block-image size-large\"><img decoding=\"async\" width=\"1024\" height=\"683\" data-id=\"11484\" src=\"https:\/\/ccis-agadir.ma\/wp-content\/uploads\/2025\/05\/Forum-International-de-lIndustrie-et-des-Services3-1024x683.jpg\" alt=\"\" class=\"wp-image-11484\" srcset=\"https:\/\/ccis-agadir.ma\/wp-content\/uploads\/2025\/05\/Forum-International-de-lIndustrie-et-des-Services3-1024x683.jpg 1024w, https:\/\/ccis-agadir.ma\/wp-content\/uploads\/2025\/05\/Forum-International-de-lIndustrie-et-des-Services3-300x200.jpg 300w, https:\/\/ccis-agadir.ma\/wp-content\/uploads\/2025\/05\/Forum-International-de-lIndustrie-et-des-Services3-768x512.jpg 768w, https:\/\/ccis-agadir.ma\/wp-content\/uploads\/2025\/05\/Forum-International-de-lIndustrie-et-des-Services3-1536x1024.jpg 1536w, https:\/\/ccis-agadir.ma\/wp-content\/uploads\/2025\/05\/Forum-International-de-lIndustrie-et-des-Services3-18x12.jpg 18w, https:\/\/ccis-agadir.ma\/wp-content\/uploads\/2025\/05\/Forum-International-de-lIndustrie-et-des-Services3-600x400.jpg 600w, https:\/\/ccis-agadir.ma\/wp-content\/uploads\/2025\/05\/Forum-International-de-lIndustrie-et-des-Services3-560x373.jpg 560w, https:\/\/ccis-agadir.ma\/wp-content\/uploads\/2025\/05\/Forum-International-de-lIndustrie-et-des-Services3-1320x880.jpg 1320w, https:\/\/ccis-agadir.ma\/wp-content\/uploads\/2025\/05\/Forum-International-de-lIndustrie-et-des-Services3.jpg 1600w\" sizes=\"(max-width: 1024px) 100vw, 1024px\" \/><\/figure>\n<\/figure>\n\n\n\n<p><br>\u00c0 cette occasion, la CCIS Souss Massa a pr\u00e9sent\u00e9 un stand institutionnel mettant en lumi\u00e8re les initiatives phares de la r\u00e9gion en mati\u00e8re d\u2019industrialisation, d\u2019accompagnement des entreprises et de promotion des investissements. Ce stand a servi de point de convergence pour les \u00e9changes entre acteurs \u00e9conomiques, investisseurs et porteurs de projets, illustrant la volont\u00e9 de la Chambre de favoriser les synergies et les partenariats strat\u00e9giques.<br>Le Forum International de l\u2019Industrie et des Services d\u2019Agadir a rassembl\u00e9 un large \u00e9ventail de participants, incluant des repr\u00e9sentants d\u2019institutions publiques, des industriels, des experts et des entrepreneurs, autour de th\u00e9matiques cl\u00e9s telles que la transition \u00e9nerg\u00e9tique, la digitalisation, l\u2019innovation industrielle et le d\u00e9veloppement des cha\u00eenes de valeur r\u00e9gionales. La CCIS Souss-Massa, par sa contribution active, a r\u00e9affirm\u00e9 son r\u00f4le de catalyseur du d\u00e9veloppement \u00e9conomique et industriel de la r\u00e9gion.<\/p>","protected":false},"excerpt":{"rendered":"<p>Agadir, le 6 mai 2025 \u2013 La Chambre de Commerce, d\u2019Industrie et de Services (CCIS) Souss-Massa a marqu\u00e9 de son empreinte la premi\u00e8re \u00e9dition du Forum International de l\u2019Industrie et des Services (FIIS) d\u2019Agadir, organis\u00e9e les 5 et 6 mai 2025 \u00e0 l\u2019H\u00f4tel Les Dunes d\u2019Or. En tant que partenaire institutionnel majeur, la CCIS a [&hellip;]<\/p>","protected":false},"author":8,"featured_media":11481,"comment_status":"closed","ping_status":"closed","sticky":false,"template":"","format":"standard","meta":{"iawp_total_views":4,"footnotes":""},"categories":[95],"tags":[],"class_list":["post-11315","post","type-post","status-publish","format-standard","has-post-thumbnail","hentry","category-evenements-et-conferences"],"_links":{"self":[{"href":"https:\/\/ccis-agadir.ma\/en\/wp-json\/wp\/v2\/posts\/11315","targetHints":{"allow":["GET"]}}],"collection":[{"href":"https:\/\/ccis-agadir.ma\/en\/wp-json\/wp\/v2\/posts"}],"about":[{"href":"https:\/\/ccis-agadir.ma\/en\/wp-json\/wp\/v2\/types\/post"}],"author":[{"embeddable":true,"href":"https:\/\/ccis-agadir.ma\/en\/wp-json\/wp\/v2\/users\/8"}],"replies":[{"embeddable":true,"href":"https:\/\/ccis-agadir.ma\/en\/wp-json\/wp\/v2\/comments?post=11315"}],"version-history":[{"count":2,"href":"https:\/\/ccis-agadir.ma\/en\/wp-json\/wp\/v2\/posts\/11315\/revisions"}],"predecessor-version":[{"id":11485,"href":"https:\/\/ccis-agadir.ma\/en\/wp-json\/wp\/v2\/posts\/11315\/revisions\/11485"}],"wp:featuredmedia":[{"embeddable":true,"href":"https:\/\/ccis-agadir.ma\/en\/wp-json\/wp\/v2\/media\/11481"}],"wp:attachment":[{"href":"https:\/\/ccis-agadir.ma\/en\/wp-json\/wp\/v2\/media?parent=11315"}],"wp:term":[{"taxonomy":"category","embeddable":true,"href":"https:\/\/ccis-agadir.ma\/en\/wp-json\/wp\/v2\/categories?post=11315"},{"taxonomy":"post_tag","embeddable":true,"href":"https:\/\/ccis-agadir.ma\/en\/wp-json\/wp\/v2\/tags?post=11315"}],"curies":[{"name":"wp","href":"https:\/\/api.w.org\/{rel}","templated":true}]}}