{"id":11334,"date":"2025-05-14T13:28:43","date_gmt":"2025-05-14T13:28:43","guid":{"rendered":"https:\/\/ccis-agadir.com\/?p=11334"},"modified":"2025-10-09T13:56:03","modified_gmt":"2025-10-09T13:56:03","slug":"forum-de-la-formation-professionnelle-et-de-lemploi-a-taroudan","status":"publish","type":"post","link":"https:\/\/ccis-agadir.ma\/en\/2025\/05\/forum-de-la-formation-professionnelle-et-de-lemploi-a-taroudan\/","title":{"rendered":"Forum de la Formation Professionnelle et de l\u2019Emploi \u00e0 Taroudant"},"content":{"rendered":"<p>Participation de la Chambre de Commerce, d\u2019Industrie et de Services de la R\u00e9gion Souss-Massa au Forum de la Formation Professionnelle et de l\u2019Emploi \u00e0 Taroudant<\/p>\n\n\n\n<p>Taroudant, le 13 mai 2025<\/p>\n\n\n\n<figure class=\"wp-block-image size-large\"><img fetchpriority=\"high\" decoding=\"async\" width=\"1024\" height=\"663\" src=\"https:\/\/ccis-agadir.ma\/wp-content\/uploads\/2025\/05\/IMG_1302-1024x663.jpg\" alt=\"\" class=\"wp-image-11335\" srcset=\"https:\/\/ccis-agadir.ma\/wp-content\/uploads\/2025\/05\/IMG_1302-1024x663.jpg 1024w, https:\/\/ccis-agadir.ma\/wp-content\/uploads\/2025\/05\/IMG_1302-300x194.jpg 300w, https:\/\/ccis-agadir.ma\/wp-content\/uploads\/2025\/05\/IMG_1302-768x497.jpg 768w, https:\/\/ccis-agadir.ma\/wp-content\/uploads\/2025\/05\/IMG_1302-1536x994.jpg 1536w, https:\/\/ccis-agadir.ma\/wp-content\/uploads\/2025\/05\/IMG_1302-2048x1326.jpg 2048w, https:\/\/ccis-agadir.ma\/wp-content\/uploads\/2025\/05\/IMG_1302-18x12.jpg 18w, https:\/\/ccis-agadir.ma\/wp-content\/uploads\/2025\/05\/IMG_1302-600x388.jpg 600w, https:\/\/ccis-agadir.ma\/wp-content\/uploads\/2025\/05\/IMG_1302-560x362.jpg 560w, https:\/\/ccis-agadir.ma\/wp-content\/uploads\/2025\/05\/IMG_1302-1320x854.jpg 1320w\" sizes=\"(max-width: 1024px) 100vw, 1024px\" \/><\/figure>\n\n\n\n<p>Dans le cadre de son engagement constant en faveur de la dynamique \u00e9conomique et du d\u00e9veloppement territorial de la r\u00e9gion, Monsieur Sa\u00efd DOR, Pr\u00e9sident de la Chambre de Commerce, d\u2019Industrie et de Services de la r\u00e9gion Souss-Massa, accompagn\u00e9 de plusieurs membres de la Chambre \u00e0 Taroudant, ainsi que du Directeur R\u00e9gional de la CCIS Souss-Massa, a particip\u00e9 au lancement des travaux du Forum de la Formation Professionnelle et de l\u2019Emploi, organis\u00e9 par l\u2019Office de la Formation Professionnelle et de la Promotion du Travail (OFPPT), le mardi 13 mai 2025 \u00e0 Taroudant, sous le th\u00e8me :<\/p>\n\n\n\n<p>\u00ab L\u2019emploi des comp\u00e9tences \u00e0 l\u2019\u00e8re de la digitalisation et de l\u2019intelligence artificielle : d\u00e9fis, opportunit\u00e9s et perspectives pour renforcer le d\u00e9veloppement local dans la province de Taroudant \u00bb<\/p>\n\n\n\n<p>Le forum s\u2019est tenu en pr\u00e9sence de Monsieur le Gouverneur de la Province de Taroudant, du Pr\u00e9sident du Conseil provincial, du Directeur R\u00e9gional de l\u2019OFPPT Souss-Massa, du Directeur de l\u2019OFPPT de Taroudant, ainsi que du Deuxi\u00e8me Vice-Pr\u00e9sident de la Chambre de l\u2019Artisanat de Souss-Massa.<\/p>\n\n\n\n<p>Cette rencontre a constitu\u00e9 une occasion pr\u00e9cieuse pour les acteurs institutionnels, \u00e9conomiques et \u00e9ducatifs d\u2019\u00e9changer autour des moyens d\u2019adapter la formation professionnelle aux besoins \u00e9volutifs du march\u00e9 du travail, dans un contexte marqu\u00e9 par une transformation num\u00e9rique acc\u00e9l\u00e9r\u00e9e.<\/p>\n\n\n\n<p>La Chambre de Commerce, d\u2019Industrie et de Services de la r\u00e9gion Souss-Massa, en tant que partenaire institutionnel de cette manifestation, r\u00e9affirme son engagement \u00e0 soutenir toutes les initiatives visant \u00e0 favoriser l\u2019insertion professionnelle des jeunes et \u00e0 promouvoir l\u2019innovation comme levier fondamental pour un d\u00e9veloppement local durable.<\/p>","protected":false},"excerpt":{"rendered":"<p>Participation de la Chambre de Commerce, d\u2019Industrie et de Services de la R\u00e9gion Souss-Massa au Forum de la Formation Professionnelle et de l\u2019Emploi \u00e0 Taroudant Taroudant, le 13 mai 2025 Dans le cadre de son engagement constant en faveur de la dynamique \u00e9conomique et du d\u00e9veloppement territorial de la r\u00e9gion, Monsieur Sa\u00efd DOR, Pr\u00e9sident de [&hellip;]<\/p>","protected":false},"author":8,"featured_media":11475,"comment_status":"closed","ping_status":"closed","sticky":false,"template":"","format":"standard","meta":{"iawp_total_views":9,"footnotes":""},"categories":[95],"tags":[],"class_list":["post-11334","post","type-post","status-publish","format-standard","has-post-thumbnail","hentry","category-evenements-et-conferences"],"_links":{"self":[{"href":"https:\/\/ccis-agadir.ma\/en\/wp-json\/wp\/v2\/posts\/11334","targetHints":{"allow":["GET"]}}],"collection":[{"href":"https:\/\/ccis-agadir.ma\/en\/wp-json\/wp\/v2\/posts"}],"about":[{"href":"https:\/\/ccis-agadir.ma\/en\/wp-json\/wp\/v2\/types\/post"}],"author":[{"embeddable":true,"href":"https:\/\/ccis-agadir.ma\/en\/wp-json\/wp\/v2\/users\/8"}],"replies":[{"embeddable":true,"href":"https:\/\/ccis-agadir.ma\/en\/wp-json\/wp\/v2\/comments?post=11334"}],"version-history":[{"count":2,"href":"https:\/\/ccis-agadir.ma\/en\/wp-json\/wp\/v2\/posts\/11334\/revisions"}],"predecessor-version":[{"id":11338,"href":"https:\/\/ccis-agadir.ma\/en\/wp-json\/wp\/v2\/posts\/11334\/revisions\/11338"}],"wp:featuredmedia":[{"embeddable":true,"href":"https:\/\/ccis-agadir.ma\/en\/wp-json\/wp\/v2\/media\/11475"}],"wp:attachment":[{"href":"https:\/\/ccis-agadir.ma\/en\/wp-json\/wp\/v2\/media?parent=11334"}],"wp:term":[{"taxonomy":"category","embeddable":true,"href":"https:\/\/ccis-agadir.ma\/en\/wp-json\/wp\/v2\/categories?post=11334"},{"taxonomy":"post_tag","embeddable":true,"href":"https:\/\/ccis-agadir.ma\/en\/wp-json\/wp\/v2\/tags?post=11334"}],"curies":[{"name":"wp","href":"https:\/\/api.w.org\/{rel}","templated":true}]}}