{"id":11345,"date":"2025-05-21T11:50:27","date_gmt":"2025-05-21T11:50:27","guid":{"rendered":"https:\/\/ccis-agadir.com\/?p=11345"},"modified":"2025-10-09T13:52:28","modified_gmt":"2025-10-09T13:52:28","slug":"la-ccissm-partenaire-engage-du-forum-des-acteurs-economiques-de-la-region-souss-massa","status":"publish","type":"post","link":"https:\/\/ccis-agadir.ma\/en\/2025\/05\/la-ccissm-partenaire-engage-du-forum-des-acteurs-economiques-de-la-region-souss-massa\/","title":{"rendered":"La CCISSM, partenaire engag\u00e9 du Forum des Acteurs \u00c9conomiques de la R\u00e9gion Souss Massa Agadir, le 20mai 2025"},"content":{"rendered":"<p><\/p>\n\n\n\n<p><strong>Agadir, le 20mai 2025<\/strong><\/p>\n\n\n\n<p>La Chambre de Commerce, d\u2019Industrie et de Services Souss Massa a pris part activement, en tant que partenaire et membre dynamique du collectif \u00e9conomique r\u00e9gional, au Forum des Acteurs \u00c9conomiques de la R\u00e9gion Souss Massa, organis\u00e9 par l\u2019Instance Consultative des Affaires \u00c9conomiques du Conseil R\u00e9gional Souss Massa, en partenariat avec la Wilaya de la r\u00e9gion Souss Massa, le conseil r\u00e9gional Souss Massa et &nbsp;la GIZ-Maroc&nbsp;; tenu mardi 20 mai 2025 \u00e0 l\u2019h\u00f4tel Sofitel Agadir Royal Bay Resort, sous le th\u00e8me :<\/p>\n\n\n\n<p class=\"has-text-align-center\"><strong>\u00ab Acteurs du d\u00e9veloppement \u00e9conomique : Relever les d\u00e9fis de la cr\u00e9ation d\u2019emploi \u00bb<\/strong><\/p>\n\n\n\n<figure class=\"wp-block-image size-large\"><img fetchpriority=\"high\" decoding=\"async\" width=\"1024\" height=\"768\" src=\"https:\/\/ccis-agadir.ma\/wp-content\/uploads\/2025\/05\/WhatsApp-Image-2025-05-20-at-16.05.22-1024x768.jpeg\" alt=\"\" class=\"wp-image-11347\" srcset=\"https:\/\/ccis-agadir.ma\/wp-content\/uploads\/2025\/05\/WhatsApp-Image-2025-05-20-at-16.05.22-1024x768.jpeg 1024w, https:\/\/ccis-agadir.ma\/wp-content\/uploads\/2025\/05\/WhatsApp-Image-2025-05-20-at-16.05.22-300x225.jpeg 300w, https:\/\/ccis-agadir.ma\/wp-content\/uploads\/2025\/05\/WhatsApp-Image-2025-05-20-at-16.05.22-768x576.jpeg 768w, https:\/\/ccis-agadir.ma\/wp-content\/uploads\/2025\/05\/WhatsApp-Image-2025-05-20-at-16.05.22-16x12.jpeg 16w, https:\/\/ccis-agadir.ma\/wp-content\/uploads\/2025\/05\/WhatsApp-Image-2025-05-20-at-16.05.22-600x450.jpeg 600w, https:\/\/ccis-agadir.ma\/wp-content\/uploads\/2025\/05\/WhatsApp-Image-2025-05-20-at-16.05.22-560x420.jpeg 560w, https:\/\/ccis-agadir.ma\/wp-content\/uploads\/2025\/05\/WhatsApp-Image-2025-05-20-at-16.05.22.jpeg 1152w\" sizes=\"(max-width: 1024px) 100vw, 1024px\" \/><\/figure>\n\n\n\n<p>La s\u00e9ance d\u2019ouverture a \u00e9t\u00e9 marqu\u00e9e par la diffusion d\u2019une allocution vid\u00e9o de M. Younes Sekkouri, Ministre de l\u2019Inclusion \u00c9conomique, de la Petite Entreprise, de l\u2019Emploi et des Comp\u00e9tences, n\u2019ayant pu \u00eatre pr\u00e9sent physiquement.<\/p>\n\n\n\n<p>Monsieur le Ministre a expos\u00e9 les principaux axes de la feuille de route nationale pour l\u2019emploi, mettant l\u2019accent sur :<\/p>\n\n\n\n<ul class=\"wp-block-list\">\n<li>la convergence territoriale,<\/li>\n\n\n\n<li>la valorisation des comp\u00e9tences,<\/li>\n\n\n\n<li>et l\u2019ad\u00e9quation formation-emploi.<\/li>\n<\/ul>\n\n\n\n<p>M. le Wali de la R\u00e9gion Souss Massa a, quant \u00e0 lui, livr\u00e9 une intervention de fond et riche de perspectives, soulignant les enjeux de l\u2019emploi au niveau r\u00e9gional et l\u2019imp\u00e9ratif d\u2019une synergie entre formation, insertion et d\u00e9veloppement des fili\u00e8res porteuses. Son propos a mis en lumi\u00e8re l\u2019importance de l\u2019approche territorialis\u00e9e dans la conception des politiques de l\u2019emploi.<\/p>\n\n\n\n<p>La table ronde a r\u00e9uni plusieurs figures cl\u00e9s de l\u2019\u00e9conomie r\u00e9gionale :<\/p>\n\n\n\n<ul class=\"wp-block-list\">\n<li>M. Karim Achengli, Pr\u00e9sident du Conseil R\u00e9gional Souss Massa<\/li>\n\n\n\n<li>M. Sa\u00efd Dor, Pr\u00e9sident de la CCISSM<\/li>\n\n\n\n<li>M. Fouad BENALLAI, Pr\u00e9sident de la Chambre des P\u00eaches Maritimes<\/li>\n\n\n\n<li>M. Driss Boutti, Pr\u00e9sident de la CGEM Souss Massa<\/li>\n\n\n\n<li>Mme Kenza Gassib, Directrice G\u00e9n\u00e9rale du CRI Souss Massa<\/li>\n\n\n\n<li>M. Abderrahman AMOUR, Vice-Pr\u00e9sident de la Chambre d\u2019Agriculture<\/li>\n\n\n\n<li>M. Samir CHIHAB, Vice-Pr\u00e9sident de la Chambre d\u2019Artisanat<\/li>\n\n\n\n<li>Mme Fatima Amzil, Directrice R\u00e9gionale de l\u2019ANAPEC<\/li>\n<\/ul>\n\n\n\n<p><strong>\u00ab Fier du collectif r\u00e9gional \u00e9conomique qui a une vision et une strat\u00e9gie construites en harmonie pour une convergence \u00e9conomique. \u00bb&nbsp;: Said DOR<\/strong><\/p>\n\n\n\n<p>Les \u00e9lus et cadres de la CCISSM ont particip\u00e9 activement aux trois ateliers th\u00e9matiques tenus en parall\u00e8le :<\/p>\n\n\n\n<ul class=\"wp-block-list\">\n<li>Formation \u2013 Emploi : Adapter les comp\u00e9tences aux besoins des entreprises<\/li>\n\n\n\n<li>Attractivit\u00e9 \u00e9conomique : Offre fonci\u00e8re, digitalisation, incitations \u00e0 l\u2019investissement<\/li>\n\n\n\n<li>Structuration des fili\u00e8res : R\u00f4le des clusters, contraintes sectorielles, leviers de croissance<\/li>\n<\/ul>\n\n\n\n<p>Le forum a abouti \u00e0 plusieurs recommandations prioritaires :<\/p>\n\n\n\n<ul class=\"wp-block-list\">\n<li>Cr\u00e9ation d\u2019un Observatoire r\u00e9gional des m\u00e9tiers en tension<\/li>\n\n\n\n<li>Acc\u00e9l\u00e9ration de la digitalisation des proc\u00e9dures administratives<\/li>\n\n\n\n<li>Mise en place d\u2019un guichet r\u00e9gional unifi\u00e9 pour les investisseurs<\/li>\n\n\n\n<li>Renforcement des clusters et des interprofessions sectorielles<\/li>\n\n\n\n<li>Constitution d\u2019un comit\u00e9 de suivi des recommandations, plac\u00e9 sous l\u2019\u00e9gide du Conseil R\u00e9gional<\/li>\n<\/ul>\n\n\n\n<p>La CCISSM r\u00e9affirme, \u00e0 travers sa participation et ses engagements, sa volont\u00e9 d\u2019accompagner durablement les dynamiques \u00e9conomiques du territoire, en contribuant \u00e0 une strat\u00e9gie de d\u00e9veloppement r\u00e9gionale convergente, inclusive et structur\u00e9e.<\/p>","protected":false},"excerpt":{"rendered":"<p>Agadir, le 20mai 2025 La Chambre de Commerce, d\u2019Industrie et de Services Souss Massa a pris part activement, en tant que partenaire et membre dynamique du collectif \u00e9conomique r\u00e9gional, au Forum des Acteurs \u00c9conomiques de la R\u00e9gion Souss Massa, organis\u00e9 par l\u2019Instance Consultative des Affaires \u00c9conomiques du Conseil R\u00e9gional Souss Massa, en partenariat avec la [&hellip;]<\/p>","protected":false},"author":8,"featured_media":11473,"comment_status":"closed","ping_status":"closed","sticky":false,"template":"","format":"standard","meta":{"iawp_total_views":4,"footnotes":""},"categories":[95],"tags":[],"class_list":["post-11345","post","type-post","status-publish","format-standard","has-post-thumbnail","hentry","category-evenements-et-conferences"],"_links":{"self":[{"href":"https:\/\/ccis-agadir.ma\/en\/wp-json\/wp\/v2\/posts\/11345","targetHints":{"allow":["GET"]}}],"collection":[{"href":"https:\/\/ccis-agadir.ma\/en\/wp-json\/wp\/v2\/posts"}],"about":[{"href":"https:\/\/ccis-agadir.ma\/en\/wp-json\/wp\/v2\/types\/post"}],"author":[{"embeddable":true,"href":"https:\/\/ccis-agadir.ma\/en\/wp-json\/wp\/v2\/users\/8"}],"replies":[{"embeddable":true,"href":"https:\/\/ccis-agadir.ma\/en\/wp-json\/wp\/v2\/comments?post=11345"}],"version-history":[{"count":3,"href":"https:\/\/ccis-agadir.ma\/en\/wp-json\/wp\/v2\/posts\/11345\/revisions"}],"predecessor-version":[{"id":11474,"href":"https:\/\/ccis-agadir.ma\/en\/wp-json\/wp\/v2\/posts\/11345\/revisions\/11474"}],"wp:featuredmedia":[{"embeddable":true,"href":"https:\/\/ccis-agadir.ma\/en\/wp-json\/wp\/v2\/media\/11473"}],"wp:attachment":[{"href":"https:\/\/ccis-agadir.ma\/en\/wp-json\/wp\/v2\/media?parent=11345"}],"wp:term":[{"taxonomy":"category","embeddable":true,"href":"https:\/\/ccis-agadir.ma\/en\/wp-json\/wp\/v2\/categories?post=11345"},{"taxonomy":"post_tag","embeddable":true,"href":"https:\/\/ccis-agadir.ma\/en\/wp-json\/wp\/v2\/tags?post=11345"}],"curies":[{"name":"wp","href":"https:\/\/api.w.org\/{rel}","templated":true}]}}