{"id":11448,"date":"2025-10-09T13:20:37","date_gmt":"2025-10-09T13:20:37","guid":{"rendered":"https:\/\/ccis-agadir.ma\/?p=11448"},"modified":"2025-10-09T13:20:39","modified_gmt":"2025-10-09T13:20:39","slug":"la-ccis-souss-massa-a-tenu-une-session-extraordinaire-de-son-assemblee-generale","status":"publish","type":"post","link":"https:\/\/ccis-agadir.ma\/en\/2025\/10\/la-ccis-souss-massa-a-tenu-une-session-extraordinaire-de-son-assemblee-generale\/","title":{"rendered":"La CCIS Souss Massa a tenu une session extraordinaire de son Assembl\u00e9e G\u00e9n\u00e9rale"},"content":{"rendered":"<p>Mercredi 8 octobre 2025, au si\u00e8ge de la Chambre.<\/p>\n\n\n\n<p>Cette session a \u00e9t\u00e9 pr\u00e9sid\u00e9e par M. <strong>Said DOR<\/strong>, Pr\u00e9sident de la Chambre, en pr\u00e9sence des membres de la Chambre, des repr\u00e9sentants des autorit\u00e9s locales, des hommes d\u2019affaires et investisseurs de la r\u00e9gion, des institutions partenaires, des collectivit\u00e9s territoriales, des associations professionnelles ainsi que des m\u00e9dias.<\/p>\n\n\n\n<p>Etaient pr\u00e9sents  :<\/p>\n\n\n\n<ul class=\"wp-block-list\">\n<li>M. Mohamed Ben Moussa, universitaire et expert \u00e9conomique ;<\/li>\n\n\n\n<li>Le Pr\u00e9sident du Conseil de la Communaut\u00e9 de Communes ;<\/li>\n\n\n\n<li>Le Pr\u00e9sident de l\u2019Union G\u00e9n\u00e9rale des Entreprises du Maroc pour la r\u00e9gion Souss-Massa ;<\/li>\n\n\n\n<li>Le Vice-Pr\u00e9sident du Conseil R\u00e9gional du Tourisme ;<\/li>\n\n\n\n<li>Le Vice-Pr\u00e9sident de l\u2019Universit\u00e9 Ibn Zohr ;<\/li>\n\n\n\n<li>Le Directeur R\u00e9gional du Minist\u00e8re de l\u2019Industrie et du Commerce \u00e0 Agadir.<\/li>\n<\/ul>\n\n\n\n<p>Lors de son allocution d\u2019ouverture, le Pr\u00e9sident de la CCIS SM a soulign\u00e9 que le discours royal \u00e0 l\u2019occasion de la F\u00eate du Tr\u00f4ne 2025 a clairement trac\u00e9 une nouvelle feuille de route, appelant \u00e0 d\u00e9passer les approches sectorielles \u00e9troites et \u00e0 instaurer une v\u00e9ritable justice spatiale garantissant une r\u00e9partition \u00e9quilibr\u00e9e des opportunit\u00e9s, des investissements et des richesses, tout en renfor\u00e7ant la confiance et l\u2019\u00e9galit\u00e9 des chances entre tous les citoyens.<\/p>\n\n\n\n<p>Il a insist\u00e9 sur le fait que la r\u00e9alisation de cette vision est une responsabilit\u00e9 collective, n\u00e9cessitant des investissements dans les infrastructures, la valorisation du capital humain, l\u2019encouragement de l\u2019esprit d\u2019initiative entrepreneuriale, ainsi que le renforcement du d\u00e9veloppement local durable.<\/p>\n\n\n\n<p>Abordant la situation de d\u00e9veloppement, le Pr\u00e9sident s\u2019est appuy\u00e9 sur les r\u00e9sultats du Recensement G\u00e9n\u00e9ral de la Population et de l\u2019Habitat de 2024, qui ont mis en \u00e9vidence des indicateurs positifs, notamment :<\/p>\n\n\n\n<ul class=\"wp-block-list\">\n<li>Une baisse du taux de pauvret\u00e9 multidimensionnelle \u00e0 6,8 % ;<\/li>\n\n\n\n<li>L\u2019acc\u00e8s officiel du Maroc au rang des pays \u00e0 d\u00e9veloppement humain \u00e9lev\u00e9.<\/li>\n<\/ul>\n\n\n\n<p>Cependant, ces acquis s\u2019accompagnent, selon lui, de disparit\u00e9s territoriales persistantes et de d\u00e9fis dans des secteurs vitaux tels que l\u2019emploi, l\u2019\u00e9ducation et la sant\u00e9, n\u00e9cessitant un renforcement des efforts pour atteindre l\u2019\u00e9quit\u00e9 territoriale et \u00e9conomique.<\/p>\n\n\n\n<p>Il a \u00e9galement \u00e9voqu\u00e9 les r\u00e9centes mobilisations survenues dans les villes de la r\u00e9gion, exprimant des revendications sociales et \u00e9conomiques l\u00e9gitimes. Il a exprim\u00e9 sa compr\u00e9hension de la profondeur de ces demandes tout en condamnant les actes de violence ayant touch\u00e9 des biens publics et priv\u00e9s et impact\u00e9 le cycle \u00e9conomique. Il a appel\u00e9 au maintien de la paix comme choix civilis\u00e9, saluant les efforts des autorit\u00e9s publiques, des forces de s\u00e9curit\u00e9 et des \u00e9lus pour restaurer la s\u00e9curit\u00e9 et assurer la continuit\u00e9 des activit\u00e9s \u00e9conomiques.<\/p>\n\n\n\n<p>Il a conclu en affirmant que la protection de l\u2019\u00e9conomie est une responsabilit\u00e9 partag\u00e9e, qui ne peut se concr\u00e9tiser que par un dialogue constructif et le rejet de la violence, insistant sur le fait que la justice spatiale est un choix national et une condition essentielle \u00e0 la stabilit\u00e9, dont la r\u00e9alisation exige la mobilisation collective de tous les acteurs.<\/p>\n\n\n\n<p>Il a \u00e9galement soulign\u00e9 le r\u00f4le central des chambres de commerce, d\u2019industrie et de services dans la d\u00e9fense des int\u00e9r\u00eats des professionnels, la contribution \u00e0 l\u2019\u00e9laboration des politiques \u00e9conomiques, le soutien \u00e0 l\u2019investissement et la promotion territoriale.<\/p>\n\n\n\n<p>En valorisation de l\u2019intervention principale de cette session, M. Mohamed Ben Moussa, expert \u00e9conomique et membre de l\u2019\u00e9quipe charg\u00e9e de l\u2019\u00e9laboration du nouveau mod\u00e8le de d\u00e9veloppement, a pr\u00e9sent\u00e9 une communication intitul\u00e9e :<br><strong>&#8220;Le discours royal et les enjeux de la r\u00e9alisation de la justice spatiale dans sa dimension \u00e9conomique&#8221;<\/strong>.<\/p>\n\n\n\n<p>Il a affirm\u00e9 que le discours royal constitue une r\u00e9f\u00e9rence strat\u00e9gique pour orienter les politiques publiques et renforcer les principes d\u2019un d\u00e9veloppement \u00e9quilibr\u00e9 entre les diff\u00e9rentes r\u00e9gions du Royaume.<\/p>\n\n\n\n<p>Il a pr\u00e9cis\u00e9 que la justice spatiale constitue une condition essentielle pour parvenir \u00e0 un d\u00e9veloppement global et durable, notamment dans sa dimension \u00e9conomique, garantissant la r\u00e9duction des \u00e9carts territoriaux et sociaux et l\u2019\u00e9galit\u00e9 entre les citoyens.<\/p>\n\n\n\n<p>Il a ajout\u00e9 que la croissance \u00e9conomique ne peut \u00eatre r\u00e9elle et \u00e9quitable que si elle inclut toutes les r\u00e9gions, en particulier celles souffrant de fragilit\u00e9 ou d\u2019un d\u00e9ficit en infrastructures et investissements. Ainsi, le discours royal appelle \u00e0 l\u2019adoption d\u2019une nouvelle g\u00e9n\u00e9ration de programmes de d\u00e9veloppement territorial fond\u00e9s sur la valorisation des sp\u00e9cificit\u00e9s locales, la consolidation des principes de r\u00e9gionalisation avanc\u00e9e et le renforcement des m\u00e9canismes de solidarit\u00e9 et d\u2019int\u00e9gration entre les territoires.<\/p>\n\n\n\n<p>M. Ben Moussa a insist\u00e9 sur la n\u00e9cessit\u00e9 d\u2019associer l\u2019ensemble des acteurs \u00e9conomiques et institutionnels \u00e0 l\u2019\u00e9laboration de projets ayant un impact concret sur les populations, notamment \u00e0 travers :<\/p>\n\n\n\n<ul class=\"wp-block-list\">\n<li>L\u2019investissement dans les infrastructures ;<\/li>\n\n\n\n<li>Le soutien aux petites et moyennes entreprises ;<\/li>\n\n\n\n<li>L\u2019encouragement de l\u2019innovation ;<\/li>\n\n\n\n<li>La cr\u00e9ation d\u2019emplois au niveau r\u00e9gional.<\/li>\n<\/ul>\n\n\n\n<p>Enfin, il a exprim\u00e9 ses regrets quant \u00e0 l\u2019absence de mise en \u0153uvre concr\u00e8te des recommandations du nouveau mod\u00e8le de d\u00e9veloppement, malgr\u00e9 la richesse de ses visions strat\u00e9giques et propositions pratiques visant \u00e0 op\u00e9rer une transformation profonde dans les diff\u00e9rents domaines \u00e9conomiques et sociaux du Royaume.<\/p>\n\n\n\n<p>Dans l\u2019apr\u00e8s-midi, apr\u00e8s l\u2019approbation par l\u2019Assembl\u00e9e G\u00e9n\u00e9rale du proc\u00e8s-verbal de la session ordinaire de la Chambre tenue le 3 juillet 2025 \u00e0 Biougra, les accords suivants ont \u00e9t\u00e9 adopt\u00e9s apr\u00e8s pr\u00e9sentation succincte de leur contenu et modalit\u00e9s de mise en \u0153uvre :<\/p>\n\n\n\n<ul class=\"wp-block-list\">\n<li>Adoption du budget rectificatif de la Chambre pour l\u2019exercice 2025 ;<\/li>\n\n\n\n<li>Adoption du projet d\u2019accord de partenariat entre la Chambre de Commerce, d\u2019Industrie et de Services Souss-Massa et le Conseil R\u00e9gional du Tourisme ;<\/li>\n\n\n\n<li>Adoption du projet d\u2019accord de partenariat sp\u00e9cifique visant la cr\u00e9ation d\u2019une flotte de taxis moderne et respectueuse de l\u2019environnement dans la province d\u2019Agadir Ida Outanane.<\/li>\n<\/ul>\n\n\n\n<p>En conclusion, une adresse de loyaut\u00e9 et de fid\u00e9lit\u00e9 a \u00e9t\u00e9 lue et adress\u00e9e \u00e0 Sa Majest\u00e9 le Roi, que Dieu le prot\u00e8ge.<\/p>\n\n\n\n<figure class=\"wp-block-gallery has-nested-images columns-default is-cropped wp-block-gallery-1 is-layout-flex wp-block-gallery-is-layout-flex\">\n<figure class=\"wp-block-image size-large\"><img fetchpriority=\"high\" decoding=\"async\" width=\"1024\" height=\"768\" data-id=\"11452\" src=\"https:\/\/ccis-agadir.ma\/wp-content\/uploads\/2025\/10\/dawra2-1024x768.jpg\" alt=\"\" class=\"wp-image-11452\" srcset=\"https:\/\/ccis-agadir.ma\/wp-content\/uploads\/2025\/10\/dawra2-1024x768.jpg 1024w, https:\/\/ccis-agadir.ma\/wp-content\/uploads\/2025\/10\/dawra2-300x225.jpg 300w, https:\/\/ccis-agadir.ma\/wp-content\/uploads\/2025\/10\/dawra2-768x576.jpg 768w, https:\/\/ccis-agadir.ma\/wp-content\/uploads\/2025\/10\/dawra2-16x12.jpg 16w, https:\/\/ccis-agadir.ma\/wp-content\/uploads\/2025\/10\/dawra2-600x450.jpg 600w, https:\/\/ccis-agadir.ma\/wp-content\/uploads\/2025\/10\/dawra2-560x420.jpg 560w, https:\/\/ccis-agadir.ma\/wp-content\/uploads\/2025\/10\/dawra2.jpg 1280w\" sizes=\"(max-width: 1024px) 100vw, 1024px\" \/><\/figure>\n\n\n\n<figure class=\"wp-block-image size-large\"><img decoding=\"async\" width=\"1024\" height=\"682\" data-id=\"11453\" src=\"https:\/\/ccis-agadir.ma\/wp-content\/uploads\/2025\/10\/dawra3-1024x682.jpg\" alt=\"\" class=\"wp-image-11453\" srcset=\"https:\/\/ccis-agadir.ma\/wp-content\/uploads\/2025\/10\/dawra3-1024x682.jpg 1024w, https:\/\/ccis-agadir.ma\/wp-content\/uploads\/2025\/10\/dawra3-300x200.jpg 300w, https:\/\/ccis-agadir.ma\/wp-content\/uploads\/2025\/10\/dawra3-768x512.jpg 768w, https:\/\/ccis-agadir.ma\/wp-content\/uploads\/2025\/10\/dawra3-1536x1023.jpg 1536w, https:\/\/ccis-agadir.ma\/wp-content\/uploads\/2025\/10\/dawra3-18x12.jpg 18w, https:\/\/ccis-agadir.ma\/wp-content\/uploads\/2025\/10\/dawra3-600x400.jpg 600w, https:\/\/ccis-agadir.ma\/wp-content\/uploads\/2025\/10\/dawra3-560x373.jpg 560w, https:\/\/ccis-agadir.ma\/wp-content\/uploads\/2025\/10\/dawra3-1320x879.jpg 1320w, https:\/\/ccis-agadir.ma\/wp-content\/uploads\/2025\/10\/dawra3.jpg 1600w\" sizes=\"(max-width: 1024px) 100vw, 1024px\" \/><\/figure>\n\n\n\n<figure class=\"wp-block-image size-large\"><img decoding=\"async\" width=\"1024\" height=\"682\" data-id=\"11455\" src=\"https:\/\/ccis-agadir.ma\/wp-content\/uploads\/2025\/10\/dawra4-1024x682.jpg\" alt=\"\" class=\"wp-image-11455\" srcset=\"https:\/\/ccis-agadir.ma\/wp-content\/uploads\/2025\/10\/dawra4-1024x682.jpg 1024w, https:\/\/ccis-agadir.ma\/wp-content\/uploads\/2025\/10\/dawra4-300x200.jpg 300w, https:\/\/ccis-agadir.ma\/wp-content\/uploads\/2025\/10\/dawra4-768x512.jpg 768w, https:\/\/ccis-agadir.ma\/wp-content\/uploads\/2025\/10\/dawra4-1536x1023.jpg 1536w, https:\/\/ccis-agadir.ma\/wp-content\/uploads\/2025\/10\/dawra4-18x12.jpg 18w, https:\/\/ccis-agadir.ma\/wp-content\/uploads\/2025\/10\/dawra4-600x400.jpg 600w, https:\/\/ccis-agadir.ma\/wp-content\/uploads\/2025\/10\/dawra4-560x373.jpg 560w, https:\/\/ccis-agadir.ma\/wp-content\/uploads\/2025\/10\/dawra4-1320x879.jpg 1320w, https:\/\/ccis-agadir.ma\/wp-content\/uploads\/2025\/10\/dawra4.jpg 1600w\" sizes=\"(max-width: 1024px) 100vw, 1024px\" \/><\/figure>\n\n\n\n<figure class=\"wp-block-image size-large\"><img loading=\"lazy\" decoding=\"async\" width=\"1024\" height=\"768\" data-id=\"11454\" src=\"https:\/\/ccis-agadir.ma\/wp-content\/uploads\/2025\/10\/dawra5.jpg\" alt=\"\" class=\"wp-image-11454\" srcset=\"https:\/\/ccis-agadir.ma\/wp-content\/uploads\/2025\/10\/dawra5.jpg 1024w, https:\/\/ccis-agadir.ma\/wp-content\/uploads\/2025\/10\/dawra5-300x225.jpg 300w, https:\/\/ccis-agadir.ma\/wp-content\/uploads\/2025\/10\/dawra5-768x576.jpg 768w, https:\/\/ccis-agadir.ma\/wp-content\/uploads\/2025\/10\/dawra5-16x12.jpg 16w, https:\/\/ccis-agadir.ma\/wp-content\/uploads\/2025\/10\/dawra5-600x450.jpg 600w, https:\/\/ccis-agadir.ma\/wp-content\/uploads\/2025\/10\/dawra5-560x420.jpg 560w\" sizes=\"(max-width: 1024px) 100vw, 1024px\" \/><\/figure>\n<\/figure>","protected":false},"excerpt":{"rendered":"<p>Mercredi 8 octobre 2025, au si\u00e8ge de la Chambre. Cette session a \u00e9t\u00e9 pr\u00e9sid\u00e9e par M. Said DOR, Pr\u00e9sident de la Chambre, en pr\u00e9sence des membres de la Chambre, des repr\u00e9sentants des autorit\u00e9s locales, des hommes d\u2019affaires et investisseurs de la r\u00e9gion, des institutions partenaires, des collectivit\u00e9s territoriales, des associations professionnelles ainsi que des m\u00e9dias. [&hellip;]<\/p>","protected":false},"author":8,"featured_media":11449,"comment_status":"closed","ping_status":"closed","sticky":false,"template":"","format":"standard","meta":{"iawp_total_views":0,"footnotes":""},"categories":[95],"tags":[],"class_list":["post-11448","post","type-post","status-publish","format-standard","has-post-thumbnail","hentry","category-evenements-et-conferences"],"_links":{"self":[{"href":"https:\/\/ccis-agadir.ma\/en\/wp-json\/wp\/v2\/posts\/11448","targetHints":{"allow":["GET"]}}],"collection":[{"href":"https:\/\/ccis-agadir.ma\/en\/wp-json\/wp\/v2\/posts"}],"about":[{"href":"https:\/\/ccis-agadir.ma\/en\/wp-json\/wp\/v2\/types\/post"}],"author":[{"embeddable":true,"href":"https:\/\/ccis-agadir.ma\/en\/wp-json\/wp\/v2\/users\/8"}],"replies":[{"embeddable":true,"href":"https:\/\/ccis-agadir.ma\/en\/wp-json\/wp\/v2\/comments?post=11448"}],"version-history":[{"count":2,"href":"https:\/\/ccis-agadir.ma\/en\/wp-json\/wp\/v2\/posts\/11448\/revisions"}],"predecessor-version":[{"id":11456,"href":"https:\/\/ccis-agadir.ma\/en\/wp-json\/wp\/v2\/posts\/11448\/revisions\/11456"}],"wp:featuredmedia":[{"embeddable":true,"href":"https:\/\/ccis-agadir.ma\/en\/wp-json\/wp\/v2\/media\/11449"}],"wp:attachment":[{"href":"https:\/\/ccis-agadir.ma\/en\/wp-json\/wp\/v2\/media?parent=11448"}],"wp:term":[{"taxonomy":"category","embeddable":true,"href":"https:\/\/ccis-agadir.ma\/en\/wp-json\/wp\/v2\/categories?post=11448"},{"taxonomy":"post_tag","embeddable":true,"href":"https:\/\/ccis-agadir.ma\/en\/wp-json\/wp\/v2\/tags?post=11448"}],"curies":[{"name":"wp","href":"https:\/\/api.w.org\/{rel}","templated":true}]}}