{"id":11797,"date":"2026-04-30T08:02:28","date_gmt":"2026-04-30T08:02:28","guid":{"rendered":"https:\/\/ccis-agadir.ma\/?p=11797"},"modified":"2026-04-30T08:02:30","modified_gmt":"2026-04-30T08:02:30","slug":"participation-de-la-chambre-de-commerce-dindustrie-et-de-services-de-la-region-souss-massa-au-forum-national-du-commerce","status":"publish","type":"post","link":"https:\/\/ccis-agadir.ma\/en\/2026\/04\/participation-de-la-chambre-de-commerce-dindustrie-et-de-services-de-la-region-souss-massa-au-forum-national-du-commerce\/","title":{"rendered":"Participation de la Chambre de Commerce, d\u2019Industrie et de Services de la r\u00e9gion Souss-Massa au Forum National du Commerce"},"content":{"rendered":"<figure class=\"wp-block-image size-large\"><img fetchpriority=\"high\" decoding=\"async\" width=\"1024\" height=\"683\" src=\"https:\/\/ccis-agadir.ma\/wp-content\/uploads\/2026\/04\/kech2-1024x683.jpg\" alt=\"\" class=\"wp-image-11799\" srcset=\"https:\/\/ccis-agadir.ma\/wp-content\/uploads\/2026\/04\/kech2-1024x683.jpg 1024w, https:\/\/ccis-agadir.ma\/wp-content\/uploads\/2026\/04\/kech2-300x200.jpg 300w, https:\/\/ccis-agadir.ma\/wp-content\/uploads\/2026\/04\/kech2-768x512.jpg 768w, https:\/\/ccis-agadir.ma\/wp-content\/uploads\/2026\/04\/kech2-1536x1024.jpg 1536w, https:\/\/ccis-agadir.ma\/wp-content\/uploads\/2026\/04\/kech2-18x12.jpg 18w, https:\/\/ccis-agadir.ma\/wp-content\/uploads\/2026\/04\/kech2-600x400.jpg 600w, https:\/\/ccis-agadir.ma\/wp-content\/uploads\/2026\/04\/kech2-560x373.jpg 560w, https:\/\/ccis-agadir.ma\/wp-content\/uploads\/2026\/04\/kech2-1320x880.jpg 1320w, https:\/\/ccis-agadir.ma\/wp-content\/uploads\/2026\/04\/kech2.jpg 1600w\" sizes=\"(max-width: 1024px) 100vw, 1024px\" \/><\/figure>\n\n\n\n<p>Dans le cadre de la dynamique nationale visant \u00e0 d\u00e9velopper le secteur du commerce, la Chambre de Commerce, d\u2019Industrie et de Services de la r\u00e9gion Souss-Massa a pris part aux travaux du Forum National du Commerce 2026, tenu le 27 avril 2026 \u00e0 Marrakech, sous le Haut Patronage de Sa Majest\u00e9 le Roi Mohammed VI, que Dieu L\u2019assiste, et organis\u00e9 sous le th\u00e8me : \u00ab Commerce du Maroc 2030 \u00bb.<\/p>\n\n\n\n<p>&nbsp;La d\u00e9l\u00e9gation de la Chambre a \u00e9t\u00e9 conduite par M. El Bachir Ahchmoud, Premier Vice-Pr\u00e9sident, \u00e0 la t\u00eate d\u2019une importante repr\u00e9sentation refl\u00e9tant les diff\u00e9rentes composantes du tissu commercial r\u00e9gional, compos\u00e9e d\u2019\u00e9lus, de professionnels et de cadres de la Chambre, traduisant ainsi un engagement collectif et responsable dans ce chantier national strat\u00e9gique.<\/p>\n\n\n\n<figure class=\"wp-block-image size-large\"><img decoding=\"async\" width=\"1024\" height=\"768\" src=\"https:\/\/ccis-agadir.ma\/wp-content\/uploads\/2026\/04\/kech8-1024x768.jpg\" alt=\"\" class=\"wp-image-11800\" srcset=\"https:\/\/ccis-agadir.ma\/wp-content\/uploads\/2026\/04\/kech8-1024x768.jpg 1024w, https:\/\/ccis-agadir.ma\/wp-content\/uploads\/2026\/04\/kech8-300x225.jpg 300w, https:\/\/ccis-agadir.ma\/wp-content\/uploads\/2026\/04\/kech8-768x576.jpg 768w, https:\/\/ccis-agadir.ma\/wp-content\/uploads\/2026\/04\/kech8-16x12.jpg 16w, https:\/\/ccis-agadir.ma\/wp-content\/uploads\/2026\/04\/kech8-600x450.jpg 600w, https:\/\/ccis-agadir.ma\/wp-content\/uploads\/2026\/04\/kech8-560x420.jpg 560w, https:\/\/ccis-agadir.ma\/wp-content\/uploads\/2026\/04\/kech8.jpg 1280w\" sizes=\"(max-width: 1024px) 100vw, 1024px\" \/><\/figure>\n\n\n\n<p>Ce Forum, pr\u00e9sid\u00e9 par M. Ryad Mezzour, Ministre de l\u2019Industrie et du Commerce, a constitu\u00e9 une \u00e9tape majeure de r\u00e9flexion sur l\u2019avenir du commerce au Maroc, dans un contexte marqu\u00e9 par les mutations acc\u00e9l\u00e9r\u00e9es li\u00e9es \u00e0 la digitalisation, \u00e0 l\u2019\u00e9volution des cha\u00eenes de distribution et aux changements des modes de consommation.<\/p>\n\n\n\n<figure class=\"wp-block-gallery has-nested-images columns-default is-cropped wp-block-gallery-1 is-layout-flex wp-block-gallery-is-layout-flex\">\n<figure class=\"wp-block-image size-large\"><img decoding=\"async\" width=\"1024\" height=\"768\" data-id=\"11801\" src=\"https:\/\/ccis-agadir.ma\/wp-content\/uploads\/2026\/04\/kech6-1024x768.jpg\" alt=\"\" class=\"wp-image-11801\" srcset=\"https:\/\/ccis-agadir.ma\/wp-content\/uploads\/2026\/04\/kech6-1024x768.jpg 1024w, https:\/\/ccis-agadir.ma\/wp-content\/uploads\/2026\/04\/kech6-300x225.jpg 300w, https:\/\/ccis-agadir.ma\/wp-content\/uploads\/2026\/04\/kech6-768x576.jpg 768w, https:\/\/ccis-agadir.ma\/wp-content\/uploads\/2026\/04\/kech6-16x12.jpg 16w, https:\/\/ccis-agadir.ma\/wp-content\/uploads\/2026\/04\/kech6-600x450.jpg 600w, https:\/\/ccis-agadir.ma\/wp-content\/uploads\/2026\/04\/kech6-560x420.jpg 560w, https:\/\/ccis-agadir.ma\/wp-content\/uploads\/2026\/04\/kech6.jpg 1280w\" sizes=\"(max-width: 1024px) 100vw, 1024px\" \/><\/figure>\n<\/figure>\n\n\n\n<p>&nbsp;Cette participation s\u2019inscrit dans le prolongement des efforts r\u00e9gionaux men\u00e9s par la Chambre, notamment apr\u00e8s l\u2019organisation de la deuxi\u00e8me Rencontre R\u00e9gionale du Commerce \u00e0 Agadir, le 26 mars 2026, qui a permis d\u2019\u00e9tablir un diagnostic du secteur dans la r\u00e9gion Souss-Massa et de formuler un ensemble de recommandations pratiques.<\/p>\n\n\n\n<figure class=\"wp-block-image size-large\"><img loading=\"lazy\" decoding=\"async\" width=\"1024\" height=\"768\" src=\"https:\/\/ccis-agadir.ma\/wp-content\/uploads\/2026\/04\/kech7-1024x768.jpg\" alt=\"\" class=\"wp-image-11802\" srcset=\"https:\/\/ccis-agadir.ma\/wp-content\/uploads\/2026\/04\/kech7-1024x768.jpg 1024w, https:\/\/ccis-agadir.ma\/wp-content\/uploads\/2026\/04\/kech7-300x225.jpg 300w, https:\/\/ccis-agadir.ma\/wp-content\/uploads\/2026\/04\/kech7-768x576.jpg 768w, https:\/\/ccis-agadir.ma\/wp-content\/uploads\/2026\/04\/kech7-1536x1152.jpg 1536w, https:\/\/ccis-agadir.ma\/wp-content\/uploads\/2026\/04\/kech7-16x12.jpg 16w, https:\/\/ccis-agadir.ma\/wp-content\/uploads\/2026\/04\/kech7-600x450.jpg 600w, https:\/\/ccis-agadir.ma\/wp-content\/uploads\/2026\/04\/kech7-560x420.jpg 560w, https:\/\/ccis-agadir.ma\/wp-content\/uploads\/2026\/04\/kech7-1320x990.jpg 1320w, https:\/\/ccis-agadir.ma\/wp-content\/uploads\/2026\/04\/kech7.jpg 1600w\" sizes=\"(max-width: 1024px) 100vw, 1024px\" \/><\/figure>\n\n\n\n<p>La r\u00e9alit\u00e9 du secteur dans la r\u00e9gion confirme son importance strat\u00e9gique, avec plus de 120 000 unit\u00e9s commerciales et plus de 250 000 emplois g\u00e9n\u00e9r\u00e9s, faisant de lui un pilier essentiel de l\u2019\u00e9conomie r\u00e9gionale. Toutefois, il demeure confront\u00e9 \u00e0 plusieurs d\u00e9fis majeurs, notamment :<\/p>\n\n\n\n<p>\u25aa\ufe0f La difficult\u00e9 d\u2019acc\u00e8s au financement ;<\/p>\n\n\n\n<p>\u25aa\ufe0f La lenteur de la transition num\u00e9rique ;<\/p>\n\n\n\n<p>\u25aa\ufe0f L\u2019insuffisance de certaines infrastructures ;<\/p>\n\n\n\n<p>\u25aa\ufe0f La concurrence in\u00e9gale du secteur informel.<\/p>\n\n\n\n<p>&nbsp;\u00c0 cette occasion, la d\u00e9l\u00e9gation r\u00e9gionale a plaid\u00e9 pour plusieurs priorit\u00e9s, notamment :<\/p>\n\n\n\n<p>&nbsp;L\u2019acc\u00e9l\u00e9ration de la digitalisation du commerce ;<\/p>\n\n\n\n<p>&nbsp;L\u2019am\u00e9lioration de l\u2019acc\u00e8s au financement ;<\/p>\n\n\n\n<p>Le soutien au commerce rural ;<\/p>\n\n\n\n<p>&nbsp;La mise \u00e0 niveau des espaces commerciaux ;<\/p>\n\n\n\n<p>&nbsp;Le renforcement de la protection sociale des commer\u00e7ants ;<\/p>\n\n\n\n<p>&nbsp;L\u2019int\u00e9gration du secteur informel.<\/p>\n\n\n\n<p>La Chambre de Commerce, d\u2019Industrie et de Services de la r\u00e9gion Souss-Massa r\u00e9affirme que sa participation \u00e0 ce Forum s\u2019inscrit dans le cadre de son engagement constant en faveur de l\u2019accompagnement des commer\u00e7ants et des professionnels, ainsi que de sa contribution effective \u00e0 l\u2019\u00e9laboration de politiques publiques r\u00e9pondant aux d\u00e9fis et aux aspirations du secteur.<\/p>","protected":false},"excerpt":{"rendered":"<p>Dans le cadre de la dynamique nationale visant \u00e0 d\u00e9velopper le secteur du commerce, la Chambre de Commerce, d\u2019Industrie et de Services de la r\u00e9gion Souss-Massa a pris part aux travaux du Forum National du Commerce 2026, tenu le 27 avril 2026 \u00e0 Marrakech, sous le Haut Patronage de Sa Majest\u00e9 le Roi Mohammed VI, [&hellip;]<\/p>","protected":false},"author":220,"featured_media":11801,"comment_status":"closed","ping_status":"closed","sticky":false,"template":"","format":"standard","meta":{"iawp_total_views":1,"footnotes":""},"categories":[457],"tags":[],"class_list":["post-11797","post","type-post","status-publish","format-standard","has-post-thumbnail","hentry","category-forum"],"_links":{"self":[{"href":"https:\/\/ccis-agadir.ma\/en\/wp-json\/wp\/v2\/posts\/11797","targetHints":{"allow":["GET"]}}],"collection":[{"href":"https:\/\/ccis-agadir.ma\/en\/wp-json\/wp\/v2\/posts"}],"about":[{"href":"https:\/\/ccis-agadir.ma\/en\/wp-json\/wp\/v2\/types\/post"}],"author":[{"embeddable":true,"href":"https:\/\/ccis-agadir.ma\/en\/wp-json\/wp\/v2\/users\/220"}],"replies":[{"embeddable":true,"href":"https:\/\/ccis-agadir.ma\/en\/wp-json\/wp\/v2\/comments?post=11797"}],"version-history":[{"count":1,"href":"https:\/\/ccis-agadir.ma\/en\/wp-json\/wp\/v2\/posts\/11797\/revisions"}],"predecessor-version":[{"id":11803,"href":"https:\/\/ccis-agadir.ma\/en\/wp-json\/wp\/v2\/posts\/11797\/revisions\/11803"}],"wp:featuredmedia":[{"embeddable":true,"href":"https:\/\/ccis-agadir.ma\/en\/wp-json\/wp\/v2\/media\/11801"}],"wp:attachment":[{"href":"https:\/\/ccis-agadir.ma\/en\/wp-json\/wp\/v2\/media?parent=11797"}],"wp:term":[{"taxonomy":"category","embeddable":true,"href":"https:\/\/ccis-agadir.ma\/en\/wp-json\/wp\/v2\/categories?post=11797"},{"taxonomy":"post_tag","embeddable":true,"href":"https:\/\/ccis-agadir.ma\/en\/wp-json\/wp\/v2\/tags?post=11797"}],"curies":[{"name":"wp","href":"https:\/\/api.w.org\/{rel}","templated":true}]}}