{"id":5992,"date":"2024-05-24T12:13:47","date_gmt":"2024-05-24T12:13:47","guid":{"rendered":"https:\/\/ccis-agadir.ma\/?p=5992"},"modified":"2024-05-30T16:16:41","modified_gmt":"2024-05-30T16:16:41","slug":"opportunite-dentreprise-participez-a-lappel-a-manifestation-dinteret-du-ministere-de-la-transition-energetique-et-du-developpement-durable","status":"publish","type":"post","link":"https:\/\/ccis-agadir.ma\/en\/2024\/05\/opportunite-dentreprise-participez-a-lappel-a-manifestation-dinteret-du-ministere-de-la-transition-energetique-et-du-developpement-durable\/","title":{"rendered":"Opportunit\u00e9 d&#8217;Entreprise : Participez \u00e0 l&#8217;Appel \u00e0 Manifestation d&#8217;Int\u00e9r\u00eat du Minist\u00e8re de la Transition \u00c9nerg\u00e9tique et du D\u00e9veloppement Durable"},"content":{"rendered":"<p><img decoding=\"async\" height=\"16\" width=\"16\" alt=\"\ud83c\udf1f\" src=\"https:\/\/static.xx.fbcdn.net\/images\/emoji.php\/v9\/te0\/1\/16\/1f31f.png\"> Annonce Importante <img decoding=\"async\" height=\"16\" width=\"16\" alt=\"\ud83c\udf1f\" src=\"https:\/\/static.xx.fbcdn.net\/images\/emoji.php\/v9\/te0\/1\/16\/1f31f.png\"><\/p>\n\n\n\n<p><img decoding=\"async\" height=\"16\" width=\"16\" alt=\"\ud83d\udce3\" src=\"https:\/\/static.xx.fbcdn.net\/images\/emoji.php\/v9\/tba\/1\/16\/1f4e3.png\"> Participez \u00e0 l&#8217;Appel \u00e0 Manifestation d&#8217;Int\u00e9r\u00eat (AMI) du Minist\u00e8re de la Transition \u00c9nerg\u00e9tique et du D\u00e9veloppement Durable !<\/p>\n\n\n\n<p>Suite \u00e0 la correspondance officielle du Minist\u00e8re, nous avons le plaisir de vous informer de l&#8217;opportunit\u00e9 exceptionnelle qui s&#8217;offre \u00e0 votre entreprise. Contribuez \u00e0 accompagner 70% des entreprises industrielles et 60% des prestataires de services vis\u00e9s par le projet ambitieux du Minist\u00e8re.<\/p>\n\n\n\n<p><img decoding=\"async\" height=\"16\" width=\"16\" alt=\"\ud83d\ude80\" src=\"https:\/\/static.xx.fbcdn.net\/images\/emoji.php\/v9\/tc6\/1\/16\/1f680.png\"><a><\/a>Soumettez votre candidature d\u00e8s maintenant en remplissant les formulaires en ligne disponibles sur :<a href=\"https:\/\/l.facebook.com\/l.php?u=https%3A%2F%2Fwww.amee.ma%2Faeeim%3Ffbclid%3DIwZXh0bgNhZW0CMTAAAR1KF6Zt2sBOVY3f0qUmNRZXOsKJAfjx74YkW4bU0yILGNnIJS5a1IBmReo_aem_AY-BUzhKJvOUZpnUBnaQVA1ibjfgFLNrQ9uR-fsEug69OmtSyOpi7G_3JhlEQRer5c17OWspXdmzz3DVqf-oAIon&amp;h=AT3aehbFy9d4Tn5j3SKxhrvJ3Akpy0oVsSiZTwn0Q8fZy6CISmISDgW7C4to3xTQISf26oFws3ofq5UlV4VWgqvJWZ1RA-vInP3GsELri5Wcm6E9hIx2GZax4rGvZTj60dpx&amp;__tn__=-UK-R&amp;c[0]=AT3LGAIcZzlO6loH-JjcrLpVmCeFqZaZayu8DNNL5851vSKxqwgPoYPX3J6r4etwYxeKpqrPMlLV9vkURuGZDPXhrC_8HzuShOfEK5pmXXVUlGM90T7zez9m0W4K0jJRPTS0fp5RxfcmHFgqpwRatK5GierN7HcSGS-9TFarul6i_p2kLTlpYIDrrbSftMqP7wg2bgCXnMDtt2FN0zn9wdhySmmV3gyWTn5-\" rel=\"noreferrer noopener\" target=\"_blank\"> https:\/\/www.amee.ma\/aeei<\/a>m avant la date limite du 18 f\u00e9vrier 2024.<\/p>\n\n\n\n<p>Ne manquez pas cette chance unique de participer \u00e0 une initiative majeure pour le d\u00e9veloppement durable et l&#8217;\u00e9nergie. Votre contribution compte !<\/p>\n\n\n\n<p><img loading=\"lazy\" decoding=\"async\" height=\"16\" width=\"16\" alt=\"\ud83c\udf10\" src=\"https:\/\/static.xx.fbcdn.net\/images\/emoji.php\/v9\/taa\/1\/16\/1f310.png\"> Lien de candidature : <a href=\"https:\/\/www.amee.ma\/aeeim?fbclid=IwZXh0bgNhZW0CMTAAAR2Tm6kNAGVsiland8YHSr66ElNCScsMDhYwNmqmeBv_0vMZEeLPx80c3wQ_aem_AY8Am1mhPjSLQegD7t_QdCjJ-g6cl3BzQIqUrkJK78fJzsh91hb-6KTEpeMIVsYqqGpxig2CKmeAVLqTaNOjPokS\" rel=\"noreferrer noopener\" target=\"_blank\">https:\/\/www.amee.ma\/aeeim<\/a><\/p>\n\n\n\n<p><img loading=\"lazy\" decoding=\"async\" height=\"16\" width=\"16\" alt=\"\ud83d\udcc5\" src=\"https:\/\/static.xx.fbcdn.net\/images\/emoji.php\/v9\/t7e\/1\/16\/1f4c5.png\"> Date limite : 18 f\u00e9vrier 2024<\/p>","protected":false},"excerpt":{"rendered":"<p>Annonce Importante Participez \u00e0 l&#8217;Appel \u00e0 Manifestation d&#8217;Int\u00e9r\u00eat (AMI) du Minist\u00e8re de la Transition \u00c9nerg\u00e9tique et du D\u00e9veloppement Durable ! Suite \u00e0 la correspondance officielle du Minist\u00e8re, nous avons le plaisir de vous informer de l&#8217;opportunit\u00e9 exceptionnelle qui s&#8217;offre \u00e0 votre entreprise. Contribuez \u00e0 accompagner 70% des entreprises industrielles et 60% des prestataires de services [&hellip;]<\/p>","protected":false},"author":1,"featured_media":5994,"comment_status":"open","ping_status":"open","sticky":false,"template":"","format":"standard","meta":{"iawp_total_views":0,"footnotes":""},"categories":[101],"tags":[],"class_list":["post-5992","post","type-post","status-publish","format-standard","has-post-thumbnail","hentry","category-appels-a-candidature-et-opportunites"],"_links":{"self":[{"href":"https:\/\/ccis-agadir.ma\/en\/wp-json\/wp\/v2\/posts\/5992","targetHints":{"allow":["GET"]}}],"collection":[{"href":"https:\/\/ccis-agadir.ma\/en\/wp-json\/wp\/v2\/posts"}],"about":[{"href":"https:\/\/ccis-agadir.ma\/en\/wp-json\/wp\/v2\/types\/post"}],"author":[{"embeddable":true,"href":"https:\/\/ccis-agadir.ma\/en\/wp-json\/wp\/v2\/users\/1"}],"replies":[{"embeddable":true,"href":"https:\/\/ccis-agadir.ma\/en\/wp-json\/wp\/v2\/comments?post=5992"}],"version-history":[{"count":1,"href":"https:\/\/ccis-agadir.ma\/en\/wp-json\/wp\/v2\/posts\/5992\/revisions"}],"predecessor-version":[{"id":5995,"href":"https:\/\/ccis-agadir.ma\/en\/wp-json\/wp\/v2\/posts\/5992\/revisions\/5995"}],"wp:featuredmedia":[{"embeddable":true,"href":"https:\/\/ccis-agadir.ma\/en\/wp-json\/wp\/v2\/media\/5994"}],"wp:attachment":[{"href":"https:\/\/ccis-agadir.ma\/en\/wp-json\/wp\/v2\/media?parent=5992"}],"wp:term":[{"taxonomy":"category","embeddable":true,"href":"https:\/\/ccis-agadir.ma\/en\/wp-json\/wp\/v2\/categories?post=5992"},{"taxonomy":"post_tag","embeddable":true,"href":"https:\/\/ccis-agadir.ma\/en\/wp-json\/wp\/v2\/tags?post=5992"}],"curies":[{"name":"wp","href":"https:\/\/api.w.org\/{rel}","templated":true}]}}